{"id":10337,"date":"2024-12-12T11:02:17","date_gmt":"2024-12-12T10:02:17","guid":{"rendered":"https:\/\/www.new-humanity.org\/?p=10337"},"modified":"2024-12-12T11:20:21","modified_gmt":"2024-12-12T10:20:21","slug":"la-ong-new-humanity-presenta-las-propuestas-del-genfest-en-el-foro-global-de-la-unaoc","status":"publish","type":"post","link":"https:\/\/www.new-humanity.org\/es\/naciones-unidas\/la-ong-new-humanity-presenta-las-propuestas-del-genfest-en-el-foro-global-de-la-unaoc\/","title":{"rendered":"La ONG New Humanity presenta las propuestas del Genfest en el Foro Global de la UNAOC"},"content":{"rendered":"<p><em>\u201cJuntos para cuidar \u2013 Por nuestra familia humana y nuestra casa com\u00fan\u201d representa un compromiso de los J\u00f3venes por un Mundo Unido con el Pacto para el Futuro, aprobado por las Naciones Unidas en septiembre pasado.<\/em><\/p>\n<p>En un mundo marcado por guerras, crisis y polarizaci\u00f3n, el di\u00e1logo y la cooperaci\u00f3n siguen siendo los \u00fanicos caminos hacia la paz. Con esta convicci\u00f3n, la ONG&nbsp;<a href=\"https:\/\/www.focolare.org\/es\/la-ong-new-humanity-presenta-las-propuestas-del-genfest-en-el-foro-global-de-la-unaoc\/\">New Humanity<\/a>&nbsp;ha adherido al Foro Global de la Alianza de Civilizaciones de las Naciones Unidas (UNAOC) que convoc\u00f3 a su Grupo de Amigos en Cascais, Portugal, del 25 al 27 de noviembre. Con el tema<em>&nbsp;\u201cUnidos en la paz, restaurar la confianza, remodelar el futuro \u2013 Reflexionar sobre dos d\u00e9cadas de di\u00e1logo por la humanidad\u201d<\/em>, el evento reuni\u00f3 a diversas partes interesadas, incluidos l\u00edderes religiosos, acad\u00e9micos, j\u00f3venes, medios de comunicaci\u00f3n y representantes de la sociedad civil. Entre los participantes de alto perfil se encontraban Ant\u00f3nio Guterres, Secretario General de las Naciones Unidas, Marcelo Rebelo de Sousa, presidente de Portugal, el Rey Felipe de Espa\u00f1a, varios ministros de Asuntos Exteriores en ejercicio y ex primeros ministros de pa\u00edses europeos.<\/p>\n<p>La ONG New Humanity del Movimiento de los Focolares y miembro del Consejo Asesor multirreligioso de UNAOC subray\u00f3 el compromiso de la organizaci\u00f3n para promover una sociedad justa y unida, donde las religiones sean espacios de encuentro y colaboraci\u00f3n. Arraigada en d\u00e9cadas de iniciativas de base, New Humanity conecta la acci\u00f3n local con la diplomacia internacional para abordar los desaf\u00edos globales y promover la paz. Esta participaci\u00f3n subray\u00f3 la importancia de los esfuerzos multilaterales para restablecer la confianza y remodelar un futuro de armon\u00eda y colaboraci\u00f3n entre las instituciones internacionales, las organizaciones religiosas y el sector privado.<\/p>\n<p class=\"has-vivid-red-color has-text-color has-link-color wp-elements-1ce948e5466158201766dc6419437b92\"><strong>Nuestro compromiso<\/strong><\/p>\n<p>Durante el Foro Global, Ana Clara Giovani y Andr\u00e9 Correia, representantes de los j\u00f3venes del Movimiento de los Focolares, junto con Maddalena Maltese, principal representante de la ONG Nueva Humanidad en Nueva York, presentaron el documento&nbsp;<em>\u201cJuntos para cuidar \u2013 Por nuestra familia humana y nuestra casa com\u00fan\u201d<\/em>. Este documento representa un compromiso de J\u00f3venes por un Mundo Unido (Y4UW) con el Pacto para el Futuro, aprobado por las Naciones Unidas el pasado mes de septiembre.<\/p>\n<p><img decoding=\"async\" loading=\"lazy\" class=\"size-medium wp-image-10318 alignright\" src=\"https:\/\/www.new-humanity.org\/wp-content\/uploads\/2024\/12\/WhatsApp-Image-2024-12-03-at-10.59.19-300x225.jpeg\" alt=\"\" width=\"300\" height=\"225\" srcset=\"https:\/\/www.new-humanity.org\/wp-content\/uploads\/2024\/12\/WhatsApp-Image-2024-12-03-at-10.59.19-300x225.jpeg 300w, https:\/\/www.new-humanity.org\/wp-content\/uploads\/2024\/12\/WhatsApp-Image-2024-12-03-at-10.59.19-1024x768.jpeg 1024w, https:\/\/www.new-humanity.org\/wp-content\/uploads\/2024\/12\/WhatsApp-Image-2024-12-03-at-10.59.19-768x576.jpeg 768w, https:\/\/www.new-humanity.org\/wp-content\/uploads\/2024\/12\/WhatsApp-Image-2024-12-03-at-10.59.19-1536x1152.jpeg 1536w, https:\/\/www.new-humanity.org\/wp-content\/uploads\/2024\/12\/WhatsApp-Image-2024-12-03-at-10.59.19.jpeg 1600w\" sizes=\"(max-width: 300px) 100vw, 300px\" \/><\/p>\n<p>En el&nbsp;<a href=\"https:\/\/www.unitedworldproject.org\/es\/\">Genfest 2024<\/a>, un encuentro de 4.000 j\u00f3venes de todo el mundo celebrado en Brasil, se lanzaron ocho centros de innovaci\u00f3n para promover la unidad de la familia humana y el cuidado de nuestra casa com\u00fan. Las ocho Comunidades del Mundo Unido han consolidado y desarrollado propuestas y proyectos inspirados en la espiritualidad de la unidad del Movimiento de los Focolares, en l\u00ednea con los principios de la Declaraci\u00f3n de las Naciones Unidas sobre los Derechos Humanos y el Pacto para el futuro de las Naciones Unidas. Estas iniciativas se concentran en \u00e1reas como el desarrollo sostenible, la acci\u00f3n por el clima, la promoci\u00f3n de la paz y los derechos humanos, el di\u00e1logo intercultural, la cohesi\u00f3n social y el empoderamiento de la juventud.<\/p>\n<p>Estos proyectos y propuestas forman el n\u00facleo del documento presentado en Cascais. Se abri\u00f3 con una carta al Secretario General de las Naciones Unidas, Ant\u00f3nio Guterres, reconociendo sus incansables esfuerzos para apoyar la paz y el desarrollo sostenible. Las propuestas clave incluyen el establecimiento de un Foro Juvenil de Alto Nivel para integrar las perspectivas de los j\u00f3venes en la toma de decisiones global y los preparativos para el 80\u00ba aniversario de las Naciones Unidas y la COP 30, mostrando soluciones lideradas por j\u00f3venes para la sostenibilidad urbana y la salud clim\u00e1tica.<\/p>\n<p><img decoding=\"async\" loading=\"lazy\" class=\"size-medium wp-image-10322 alignleft\" src=\"https:\/\/www.new-humanity.org\/wp-content\/uploads\/2024\/12\/WhatsApp-Image-2024-12-03-at-10.59.16-1-300x225.jpeg\" alt=\"\" width=\"300\" height=\"225\" srcset=\"https:\/\/www.new-humanity.org\/wp-content\/uploads\/2024\/12\/WhatsApp-Image-2024-12-03-at-10.59.16-1-300x225.jpeg 300w, https:\/\/www.new-humanity.org\/wp-content\/uploads\/2024\/12\/WhatsApp-Image-2024-12-03-at-10.59.16-1-1024x768.jpeg 1024w, https:\/\/www.new-humanity.org\/wp-content\/uploads\/2024\/12\/WhatsApp-Image-2024-12-03-at-10.59.16-1-768x576.jpeg 768w, https:\/\/www.new-humanity.org\/wp-content\/uploads\/2024\/12\/WhatsApp-Image-2024-12-03-at-10.59.16-1-1536x1152.jpeg 1536w, https:\/\/www.new-humanity.org\/wp-content\/uploads\/2024\/12\/WhatsApp-Image-2024-12-03-at-10.59.16-1.jpeg 1600w\" sizes=\"(max-width: 300px) 100vw, 300px\" \/><\/p>\n<p>Presentado a Miguel \u00c1ngel Moratinos, Alto Representante de UNAOC, y a Felipe Paullier, Alto Representante para los Asuntos de la Juventud, el documento obtuvo una entusiasta respuesta. Ambos l\u00edderes reconocieron las contribuciones de larga data de New Humanity y expresaron inter\u00e9s en analizar m\u00e1s a fondo las propuestas. Este compromiso destac\u00f3 el papel central de los j\u00f3venes en la formulaci\u00f3n de pol\u00edticas para un futuro justo y sostenible, fortaleciendo el v\u00ednculo entre las acciones de base y la diplomacia internacional..<\/p>\n<h4 class=\"wp-block-heading has-vivid-red-color has-text-color has-link-color wp-elements-a6a2dde3e2aa87d5634d90155ad09c66\" style=\"text-align: left;\"><strong>Pr\u00f3ximos pasos<\/strong><\/h4>\n<p>Para ampliar el alcance y la eficacia de este trabajo, los Embajadores del Mundo Unido, una red de j\u00f3venes, desempe\u00f1ar\u00e1n un papel clave al conectar iniciativas de base con instituciones internacionales como las Naciones Unidas, asegurando que las acciones locales tengan eco a nivel mundial.<\/p>\n<p>New Humanity contin\u00faa su compromiso de conectar iniciativas de base con organizaciones relevantes, llevando a cabo su misi\u00f3n de promover la hermandad, el di\u00e1logo y el desarrollo sostenible. Las relaciones formadas durante el Foro Global de UNAOC ser\u00e1n cruciales para fortalecer el impacto de nuestros proyectos y amplificar las voces de los j\u00f3venes de todo el mundo.<\/p>\n<p><em>Para descargar el documento, en ingl\u00e9s, haga clic en la imagen<\/em><\/p>\n<p><a href=\"https:\/\/eyut279xk3q.exactdn.com\/wp-content\/uploads\/2024\/12\/Together-to-care-report.pdf\" target=\"_blank\" rel=\"noopener\"><img decoding=\"async\" loading=\"lazy\" class=\"size-medium wp-image-10339 alignleft\" src=\"https:\/\/www.new-humanity.org\/wp-content\/uploads\/2024\/12\/Screenshot-2024-12-12-at-11.15.38-211x300.png\" alt=\"\" width=\"211\" height=\"300\" srcset=\"https:\/\/www.new-humanity.org\/wp-content\/uploads\/2024\/12\/Screenshot-2024-12-12-at-11.15.38-211x300.png 211w, https:\/\/www.new-humanity.org\/wp-content\/uploads\/2024\/12\/Screenshot-2024-12-12-at-11.15.38.png 528w\" sizes=\"(max-width: 211px) 100vw, 211px\" \/><\/a><\/p>\n<p>&nbsp;<\/p>\n<p>&nbsp;<\/p>\n<p>&nbsp;<\/p>\n<p>&nbsp;<\/p>\n<p>&nbsp;<\/p>\n<p>&nbsp;<\/p>\n<p>&nbsp;<\/p>\n<p>&nbsp;<\/p>\n<p class=\"has-text-align-right\"><em>Publicado por primera vez en <a href=\"https:\/\/www.focolare.org\/long-new-humanity-presenta-le-proposte-del-genfest-al-forum-globale-dellunaoc\/\" target=\"_blank\" rel=\"noopener\">focolare.org<\/a><\/em><\/p>\n<p>&nbsp;<\/p>\n","protected":false},"excerpt":{"rendered":"<p>\u201cJuntos para cuidar \u2013 Por nuestra familia humana y nuestra casa com\u00fan\u201d representa un compromiso de los J\u00f3venes por un Mundo Unido con el Pacto para el Futuro, aprobado por las Naciones Unidas en septiembre pasado. En un mundo marcado por guerras, crisis y polarizaci\u00f3n, el di\u00e1logo y la cooperaci\u00f3n siguen siendo los \u00fanicos caminos [&hellip;]<\/p>\n","protected":false},"author":15,"featured_media":10329,"comment_status":"closed","ping_status":"open","sticky":false,"template":"","format":"standard","meta":{"ngg_post_thumbnail":0,"footnotes":""},"categories":[382,374],"tags":[],"ambiti":[390],"luogo":[394,396],"progetto":[414],"acf":[],"yoast_head":"<!-- This site is optimized with the Yoast SEO plugin v21.9.1 - https:\/\/yoast.com\/wordpress\/plugins\/seo\/ -->\n<title>La ONG New Humanity presenta las propuestas del Genfest en el Foro Global de la UNAOC | New Humanity<\/title>\n<meta name=\"description\" content=\"\u201cJuntos para cuidar \u2013 Por nuestra familia humana y nuestra casa com\u00fan\u201d representa un compromiso de los J\u00f3venes por un Mundo Unido con el Pacto para el\" \/>\n<meta name=\"robots\" content=\"index, follow, max-snippet:-1, max-image-preview:large, max-video-preview:-1\" \/>\n<link rel=\"canonical\" href=\"https:\/\/www.new-humanity.org\/es\/naciones-unidas\/la-ong-new-humanity-presenta-las-propuestas-del-genfest-en-el-foro-global-de-la-unaoc\/\" \/>\n<meta property=\"og:locale\" content=\"es_ES\" \/>\n<meta property=\"og:type\" content=\"article\" \/>\n<meta property=\"og:title\" content=\"La ONG New Humanity presenta las propuestas del Genfest en el Foro Global de la UNAOC | New Humanity\" \/>\n<meta property=\"og:description\" content=\"\u201cJuntos para cuidar \u2013 Por nuestra familia humana y nuestra casa com\u00fan\u201d representa un compromiso de los J\u00f3venes por un Mundo Unido con el Pacto para el\" \/>\n<meta property=\"og:url\" content=\"https:\/\/www.new-humanity.org\/es\/naciones-unidas\/la-ong-new-humanity-presenta-las-propuestas-del-genfest-en-el-foro-global-de-la-unaoc\/\" \/>\n<meta property=\"og:site_name\" content=\"New Humanity\" \/>\n<meta property=\"article:published_time\" content=\"2024-12-12T10:02:17+00:00\" \/>\n<meta property=\"article:modified_time\" content=\"2024-12-12T10:20:21+00:00\" \/>\n<meta property=\"og:image\" content=\"https:\/\/www.new-humanity.org\/wp-content\/uploads\/2024\/12\/WhatsApp-Image-2024-12-03-at-10.59.16.jpeg\" \/>\n\t<meta property=\"og:image:width\" content=\"1600\" \/>\n\t<meta property=\"og:image:height\" content=\"1200\" \/>\n\t<meta property=\"og:image:type\" content=\"image\/jpeg\" \/>\n<meta name=\"author\" content=\"Ana Clara\" \/>\n<meta name=\"twitter:card\" content=\"summary_large_image\" \/>\n<meta name=\"twitter:label1\" content=\"Written by\" \/>\n\t<meta name=\"twitter:data1\" content=\"Ana Clara\" \/>\n\t<meta name=\"twitter:label2\" content=\"Est. reading time\" \/>\n\t<meta name=\"twitter:data2\" content=\"5 minutes\" \/>\n<script type=\"application\/ld+json\" class=\"yoast-schema-graph\">{\"@context\":\"https:\/\/schema.org\",\"@graph\":[{\"@type\":\"Article\",\"@id\":\"https:\/\/www.new-humanity.org\/es\/naciones-unidas\/la-ong-new-humanity-presenta-las-propuestas-del-genfest-en-el-foro-global-de-la-unaoc\/#article\",\"isPartOf\":{\"@id\":\"https:\/\/www.new-humanity.org\/es\/naciones-unidas\/la-ong-new-humanity-presenta-las-propuestas-del-genfest-en-el-foro-global-de-la-unaoc\/\"},\"author\":{\"name\":\"Ana Clara\",\"@id\":\"https:\/\/www.new-humanity.org\/es\/#\/schema\/person\/d2b094c50c91a942f9903b5a6c9359ad\"},\"headline\":\"La ONG New Humanity presenta las propuestas del Genfest en el Foro Global de la UNAOC\",\"datePublished\":\"2024-12-12T10:02:17+00:00\",\"dateModified\":\"2024-12-12T10:20:21+00:00\",\"mainEntityOfPage\":{\"@id\":\"https:\/\/www.new-humanity.org\/es\/naciones-unidas\/la-ong-new-humanity-presenta-las-propuestas-del-genfest-en-el-foro-global-de-la-unaoc\/\"},\"wordCount\":854,\"publisher\":{\"@id\":\"https:\/\/www.new-humanity.org\/es\/#organization\"},\"articleSection\":[\"J\u00f3venes\",\"Naciones Unidas\"],\"inLanguage\":\"es-ES\"},{\"@type\":\"WebPage\",\"@id\":\"https:\/\/www.new-humanity.org\/es\/naciones-unidas\/la-ong-new-humanity-presenta-las-propuestas-del-genfest-en-el-foro-global-de-la-unaoc\/\",\"url\":\"https:\/\/www.new-humanity.org\/es\/naciones-unidas\/la-ong-new-humanity-presenta-las-propuestas-del-genfest-en-el-foro-global-de-la-unaoc\/\",\"name\":\"La ONG New Humanity presenta las propuestas del Genfest en el Foro Global de la UNAOC | New Humanity\",\"isPartOf\":{\"@id\":\"https:\/\/www.new-humanity.org\/es\/#website\"},\"datePublished\":\"2024-12-12T10:02:17+00:00\",\"dateModified\":\"2024-12-12T10:20:21+00:00\",\"description\":\"\u201cJuntos para cuidar \u2013 Por nuestra familia humana y nuestra casa com\u00fan\u201d representa un compromiso de los J\u00f3venes por un Mundo Unido con el Pacto para el\",\"breadcrumb\":{\"@id\":\"https:\/\/www.new-humanity.org\/es\/naciones-unidas\/la-ong-new-humanity-presenta-las-propuestas-del-genfest-en-el-foro-global-de-la-unaoc\/#breadcrumb\"},\"inLanguage\":\"es-ES\",\"potentialAction\":[{\"@type\":\"ReadAction\",\"target\":[\"https:\/\/www.new-humanity.org\/es\/naciones-unidas\/la-ong-new-humanity-presenta-las-propuestas-del-genfest-en-el-foro-global-de-la-unaoc\/\"]}]},{\"@type\":\"BreadcrumbList\",\"@id\":\"https:\/\/www.new-humanity.org\/es\/naciones-unidas\/la-ong-new-humanity-presenta-las-propuestas-del-genfest-en-el-foro-global-de-la-unaoc\/#breadcrumb\",\"itemListElement\":[{\"@type\":\"ListItem\",\"position\":1,\"name\":\"Home\",\"item\":\"https:\/\/www.new-humanity.org\/es\/\"},{\"@type\":\"ListItem\",\"position\":2,\"name\":\"La ONG New Humanity presenta las propuestas del Genfest en el Foro Global de la UNAOC\"}]},{\"@type\":\"WebSite\",\"@id\":\"https:\/\/www.new-humanity.org\/es\/#website\",\"url\":\"https:\/\/www.new-humanity.org\/es\/\",\"name\":\"New Humanity\",\"description\":\"Per un mondo unito\",\"publisher\":{\"@id\":\"https:\/\/www.new-humanity.org\/es\/#organization\"},\"potentialAction\":[{\"@type\":\"SearchAction\",\"target\":{\"@type\":\"EntryPoint\",\"urlTemplate\":\"https:\/\/www.new-humanity.org\/es\/?s={search_term_string}\"},\"query-input\":\"required name=search_term_string\"}],\"inLanguage\":\"es-ES\"},{\"@type\":\"Organization\",\"@id\":\"https:\/\/www.new-humanity.org\/es\/#organization\",\"name\":\"New Humanity\",\"url\":\"https:\/\/www.new-humanity.org\/es\/\",\"logo\":{\"@type\":\"ImageObject\",\"inLanguage\":\"es-ES\",\"@id\":\"https:\/\/www.new-humanity.org\/es\/#\/schema\/logo\/image\/\",\"url\":\"https:\/\/www.new-humanity.org\/wp-content\/uploads\/2022\/01\/logo.jpg\",\"contentUrl\":\"https:\/\/www.new-humanity.org\/wp-content\/uploads\/2022\/01\/logo.jpg\",\"width\":520,\"height\":128,\"caption\":\"New Humanity\"},\"image\":{\"@id\":\"https:\/\/www.new-humanity.org\/es\/#\/schema\/logo\/image\/\"}},{\"@type\":\"Person\",\"@id\":\"https:\/\/www.new-humanity.org\/es\/#\/schema\/person\/d2b094c50c91a942f9903b5a6c9359ad\",\"name\":\"Ana Clara\",\"image\":{\"@type\":\"ImageObject\",\"inLanguage\":\"es-ES\",\"@id\":\"https:\/\/www.new-humanity.org\/es\/#\/schema\/person\/image\/\",\"url\":\"https:\/\/secure.gravatar.com\/avatar\/9bc08035bfa6f029408034ac95ddd9b4?s=96&d=mm&r=g\",\"contentUrl\":\"https:\/\/secure.gravatar.com\/avatar\/9bc08035bfa6f029408034ac95ddd9b4?s=96&d=mm&r=g\",\"caption\":\"Ana Clara\"}}]}<\/script>\n<!-- \/ Yoast SEO plugin. -->","yoast_head_json":{"title":"La ONG New Humanity presenta las propuestas del Genfest en el Foro Global de la UNAOC | New Humanity","description":"\u201cJuntos para cuidar \u2013 Por nuestra familia humana y nuestra casa com\u00fan\u201d representa un compromiso de los J\u00f3venes por un Mundo Unido con el Pacto para el","robots":{"index":"index","follow":"follow","max-snippet":"max-snippet:-1","max-image-preview":"max-image-preview:large","max-video-preview":"max-video-preview:-1"},"canonical":"https:\/\/www.new-humanity.org\/es\/naciones-unidas\/la-ong-new-humanity-presenta-las-propuestas-del-genfest-en-el-foro-global-de-la-unaoc\/","og_locale":"es_ES","og_type":"article","og_title":"La ONG New Humanity presenta las propuestas del Genfest en el Foro Global de la UNAOC | New Humanity","og_description":"\u201cJuntos para cuidar \u2013 Por nuestra familia humana y nuestra casa com\u00fan\u201d representa un compromiso de los J\u00f3venes por un Mundo Unido con el Pacto para el","og_url":"https:\/\/www.new-humanity.org\/es\/naciones-unidas\/la-ong-new-humanity-presenta-las-propuestas-del-genfest-en-el-foro-global-de-la-unaoc\/","og_site_name":"New Humanity","article_published_time":"2024-12-12T10:02:17+00:00","article_modified_time":"2024-12-12T10:20:21+00:00","og_image":[{"width":1600,"height":1200,"url":"https:\/\/www.new-humanity.org\/wp-content\/uploads\/2024\/12\/WhatsApp-Image-2024-12-03-at-10.59.16.jpeg","type":"image\/jpeg"}],"author":"Ana Clara","twitter_card":"summary_large_image","twitter_misc":{"Written by":"Ana Clara","Est. reading time":"5 minutes"},"schema":{"@context":"https:\/\/schema.org","@graph":[{"@type":"Article","@id":"https:\/\/www.new-humanity.org\/es\/naciones-unidas\/la-ong-new-humanity-presenta-las-propuestas-del-genfest-en-el-foro-global-de-la-unaoc\/#article","isPartOf":{"@id":"https:\/\/www.new-humanity.org\/es\/naciones-unidas\/la-ong-new-humanity-presenta-las-propuestas-del-genfest-en-el-foro-global-de-la-unaoc\/"},"author":{"name":"Ana Clara","@id":"https:\/\/www.new-humanity.org\/es\/#\/schema\/person\/d2b094c50c91a942f9903b5a6c9359ad"},"headline":"La ONG New Humanity presenta las propuestas del Genfest en el Foro Global de la UNAOC","datePublished":"2024-12-12T10:02:17+00:00","dateModified":"2024-12-12T10:20:21+00:00","mainEntityOfPage":{"@id":"https:\/\/www.new-humanity.org\/es\/naciones-unidas\/la-ong-new-humanity-presenta-las-propuestas-del-genfest-en-el-foro-global-de-la-unaoc\/"},"wordCount":854,"publisher":{"@id":"https:\/\/www.new-humanity.org\/es\/#organization"},"articleSection":["J\u00f3venes","Naciones Unidas"],"inLanguage":"es-ES"},{"@type":"WebPage","@id":"https:\/\/www.new-humanity.org\/es\/naciones-unidas\/la-ong-new-humanity-presenta-las-propuestas-del-genfest-en-el-foro-global-de-la-unaoc\/","url":"https:\/\/www.new-humanity.org\/es\/naciones-unidas\/la-ong-new-humanity-presenta-las-propuestas-del-genfest-en-el-foro-global-de-la-unaoc\/","name":"La ONG New Humanity presenta las propuestas del Genfest en el Foro Global de la UNAOC | New Humanity","isPartOf":{"@id":"https:\/\/www.new-humanity.org\/es\/#website"},"datePublished":"2024-12-12T10:02:17+00:00","dateModified":"2024-12-12T10:20:21+00:00","description":"\u201cJuntos para cuidar \u2013 Por nuestra familia humana y nuestra casa com\u00fan\u201d representa un compromiso de los J\u00f3venes por un Mundo Unido con el Pacto para el","breadcrumb":{"@id":"https:\/\/www.new-humanity.org\/es\/naciones-unidas\/la-ong-new-humanity-presenta-las-propuestas-del-genfest-en-el-foro-global-de-la-unaoc\/#breadcrumb"},"inLanguage":"es-ES","potentialAction":[{"@type":"ReadAction","target":["https:\/\/www.new-humanity.org\/es\/naciones-unidas\/la-ong-new-humanity-presenta-las-propuestas-del-genfest-en-el-foro-global-de-la-unaoc\/"]}]},{"@type":"BreadcrumbList","@id":"https:\/\/www.new-humanity.org\/es\/naciones-unidas\/la-ong-new-humanity-presenta-las-propuestas-del-genfest-en-el-foro-global-de-la-unaoc\/#breadcrumb","itemListElement":[{"@type":"ListItem","position":1,"name":"Home","item":"https:\/\/www.new-humanity.org\/es\/"},{"@type":"ListItem","position":2,"name":"La ONG New Humanity presenta las propuestas del Genfest en el Foro Global de la UNAOC"}]},{"@type":"WebSite","@id":"https:\/\/www.new-humanity.org\/es\/#website","url":"https:\/\/www.new-humanity.org\/es\/","name":"New Humanity","description":"Per un mondo unito","publisher":{"@id":"https:\/\/www.new-humanity.org\/es\/#organization"},"potentialAction":[{"@type":"SearchAction","target":{"@type":"EntryPoint","urlTemplate":"https:\/\/www.new-humanity.org\/es\/?s={search_term_string}"},"query-input":"required name=search_term_string"}],"inLanguage":"es-ES"},{"@type":"Organization","@id":"https:\/\/www.new-humanity.org\/es\/#organization","name":"New Humanity","url":"https:\/\/www.new-humanity.org\/es\/","logo":{"@type":"ImageObject","inLanguage":"es-ES","@id":"https:\/\/www.new-humanity.org\/es\/#\/schema\/logo\/image\/","url":"https:\/\/www.new-humanity.org\/wp-content\/uploads\/2022\/01\/logo.jpg","contentUrl":"https:\/\/www.new-humanity.org\/wp-content\/uploads\/2022\/01\/logo.jpg","width":520,"height":128,"caption":"New Humanity"},"image":{"@id":"https:\/\/www.new-humanity.org\/es\/#\/schema\/logo\/image\/"}},{"@type":"Person","@id":"https:\/\/www.new-humanity.org\/es\/#\/schema\/person\/d2b094c50c91a942f9903b5a6c9359ad","name":"Ana Clara","image":{"@type":"ImageObject","inLanguage":"es-ES","@id":"https:\/\/www.new-humanity.org\/es\/#\/schema\/person\/image\/","url":"https:\/\/secure.gravatar.com\/avatar\/9bc08035bfa6f029408034ac95ddd9b4?s=96&d=mm&r=g","contentUrl":"https:\/\/secure.gravatar.com\/avatar\/9bc08035bfa6f029408034ac95ddd9b4?s=96&d=mm&r=g","caption":"Ana Clara"}}]}},"_links":{"self":[{"href":"https:\/\/www.new-humanity.org\/es\/wp-json\/wp\/v2\/posts\/10337"}],"collection":[{"href":"https:\/\/www.new-humanity.org\/es\/wp-json\/wp\/v2\/posts"}],"about":[{"href":"https:\/\/www.new-humanity.org\/es\/wp-json\/wp\/v2\/types\/post"}],"author":[{"embeddable":true,"href":"https:\/\/www.new-humanity.org\/es\/wp-json\/wp\/v2\/users\/15"}],"replies":[{"embeddable":true,"href":"https:\/\/www.new-humanity.org\/es\/wp-json\/wp\/v2\/comments?post=10337"}],"version-history":[{"count":4,"href":"https:\/\/www.new-humanity.org\/es\/wp-json\/wp\/v2\/posts\/10337\/revisions"}],"predecessor-version":[{"id":10348,"href":"https:\/\/www.new-humanity.org\/es\/wp-json\/wp\/v2\/posts\/10337\/revisions\/10348"}],"wp:featuredmedia":[{"embeddable":true,"href":"https:\/\/www.new-humanity.org\/es\/wp-json\/wp\/v2\/media\/10329"}],"wp:attachment":[{"href":"https:\/\/www.new-humanity.org\/es\/wp-json\/wp\/v2\/media?parent=10337"}],"wp:term":[{"taxonomy":"category","embeddable":true,"href":"https:\/\/www.new-humanity.org\/es\/wp-json\/wp\/v2\/categories?post=10337"},{"taxonomy":"post_tag","embeddable":true,"href":"https:\/\/www.new-humanity.org\/es\/wp-json\/wp\/v2\/tags?post=10337"},{"taxonomy":"ambiti","embeddable":true,"href":"https:\/\/www.new-humanity.org\/es\/wp-json\/wp\/v2\/ambiti?post=10337"},{"taxonomy":"luogo","embeddable":true,"href":"https:\/\/www.new-humanity.org\/es\/wp-json\/wp\/v2\/luogo?post=10337"},{"taxonomy":"progetto","embeddable":true,"href":"https:\/\/www.new-humanity.org\/es\/wp-json\/wp\/v2\/progetto?post=10337"}],"curies":[{"name":"wp","href":"https:\/\/api.w.org\/{rel}","templated":true}]}}