{"id":10701,"date":"2025-02-19T23:55:54","date_gmt":"2025-02-19T22:55:54","guid":{"rendered":"https:\/\/www.new-humanity.org\/?p=10701"},"modified":"2025-03-21T20:42:53","modified_gmt":"2025-03-21T19:42:53","slug":"convocatoria-liderazgo-sinodal","status":"publish","type":"post","link":"https:\/\/www.new-humanity.org\/es\/politica-bien-comun\/convocatoria-liderazgo-sinodal\/","title":{"rendered":"Una Humanidad, Un Planeta: Liderazgo Sinodal"},"content":{"rendered":"<h3><b>PROGRAMA INTERNACIONAL<br \/>\n\u201cUna Humanidad, Un Planeta: Liderazgo Sinodal\u201d<\/b><b><br \/>\n<\/b><b>CONVOCATORIA PARA LA PARTICIPACI\u00d3N<\/b><\/h3>\n<p><span style=\"font-weight: 400;\">\u00bfPiensas que la pol\u00edtica puede aportar a la soluci\u00f3n de los grandes desaf\u00edos globales? \u00bfCrees que es posible mejorar las pr\u00e1cticas pol\u00edticas a nivel internacional de modo que permita una acci\u00f3n colectiva capaz de cuidar del planeta y de la humanidad? \u00bfTienes ideas para aportar en esta misi\u00f3n?&nbsp;<\/span><\/p>\n<p><span style=\"font-weight: 400;\">Si eres un joven entre 18 y 40 a\u00f1os que tienes un rol de representaci\u00f3n pol\u00edtica en alg\u00fan parlamento o cuerpo colegiado de tu ciudad, si eres dirigente al interior de un gobierno, de un movimiento social o representante de tu pa\u00eds ante una agencia internacional,&nbsp; te invitamos a ser&nbsp; parte de un espacio de co-creaci\u00f3n junto a otros 99 j\u00f3venes de todo el mundo para re-pensar la gobernanza global ante los actuales desaf\u00edos sociales, econ\u00f3micos y ambientales.&nbsp;<\/span><\/p>\n<p><i><span style=\"font-weight: 400;\">\u00a1Prop\u00f3n tu perfil para ser parte de este proceso!<\/span><\/i><\/p>\n<h3 style=\"text-align: center;\">&#x1f4c3;Descarga el PDF &#x2b07;&#xfe0f;<\/h3>\n<p><a href=\"https:\/\/www.new-humanity.org\/wp-content\/uploads\/2025\/03\/ONE-HUMANITY-ONE-PLANET-ESP-NEW-DEADLINE.pdf\" target=\"_blank\" rel=\"noopener\"><img decoding=\"async\" loading=\"lazy\" class=\"aligncenter wp-image-10738 size-full\" src=\"https:\/\/www.new-humanity.org\/wp-content\/uploads\/2025\/02\/ES-ONE-HUMANITY-ONE-PLANET.jpg\" alt=\"\" width=\"1241\" height=\"349\" srcset=\"https:\/\/www.new-humanity.org\/wp-content\/uploads\/2025\/02\/ES-ONE-HUMANITY-ONE-PLANET.jpg 1241w, https:\/\/www.new-humanity.org\/wp-content\/uploads\/2025\/02\/ES-ONE-HUMANITY-ONE-PLANET-300x84.jpg 300w, https:\/\/www.new-humanity.org\/wp-content\/uploads\/2025\/02\/ES-ONE-HUMANITY-ONE-PLANET-1024x288.jpg 1024w, https:\/\/www.new-humanity.org\/wp-content\/uploads\/2025\/02\/ES-ONE-HUMANITY-ONE-PLANET-768x216.jpg 768w\" sizes=\"(max-width: 1241px) 100vw, 1241px\" \/><\/a><\/p>\n<h3>&nbsp;<\/h3>\n<h3><b>Sobre el programa<\/b><\/h3>\n<p><span style=\"font-weight: 400;\">Nosotros, New Humanity ONG, junto al Movimiento Pol\u00edtico por la Unidad, estamos promoviendo esta iniciativa que busca fortalecer la participaci\u00f3n de los j\u00f3venes pol\u00edticos en procesos de incidencia pol\u00edtica a nivel global a trav\u00e9s de un proceso de reflexi\u00f3n y acci\u00f3n colaborativa entre l\u00edderes socio-pol\u00edticos en un trayecto de 2 a\u00f1os,&nbsp; generando una red global de 600 j\u00f3venes l\u00edderes de los diversos continentes.<\/span><\/p>\n<h3><b>Criterios de elegibilidad<\/b><\/h3>\n<ul>\n<li style=\"font-weight: 400;\" aria-level=\"1\"><span style=\"font-weight: 400;\">J\u00f3venes de entre 18 y 40 a\u00f1os de diversos or\u00edgenes geogr\u00e1ficos, culturales, religiosos, sociales y pol\u00edticos.<\/span><\/li>\n<li style=\"font-weight: 400;\" aria-level=\"1\"><span style=\"font-weight: 400;\">Experiencia previa demostrada de representaci\u00f3n pol\u00edtica, dirigente al interior de un gobierno, de un movimiento social o representante ante una agencia internacional (pol\u00edticos, gerentes p\u00fablicos, l\u00edderes de movimientos sociales o dirigentes de partidos pol\u00edticos)<\/span><\/li>\n<li style=\"font-weight: 400;\" aria-level=\"1\"><span style=\"font-weight: 400;\">Un compromiso demostrado con el fomento de la transformaci\u00f3n social y pol\u00edtica en su comunidad o regi\u00f3n.<\/span><\/li>\n<li style=\"font-weight: 400;\" aria-level=\"1\"><span style=\"font-weight: 400;\">Disposici\u00f3n a participar en los componentes virtuales y presenciales del programa.<\/span><\/li>\n<li style=\"font-weight: 400;\" aria-level=\"1\"><span style=\"font-weight: 400;\">Dedicaci\u00f3n a una trayectoria de aprendizaje de dos a\u00f1os, a partir de abril del 2025,&nbsp; aplicando los conocimientos y habilidades adquiridos a lo largo del programa, <strong>con una dedicaci\u00f3n semanal de 3 horas en promedio.<\/strong><\/span><\/li>\n<\/ul>\n<h3><b>Aspectos destacados del programa<\/b><\/h3>\n<p><strong>INICIO:<\/strong> 26 de abril de 2025<\/p>\n<ul>\n<li style=\"font-weight: 400;\" aria-level=\"1\"><span style=\"font-weight: 400;\">Colaboraci\u00f3n con instituciones acad\u00e9micas y ONGs internacionales de prestigio.<\/span><\/li>\n<li style=\"font-weight: 400;\" aria-level=\"1\"><span style=\"font-weight: 400;\">Aprendizaje virtual y presencial a trav\u00e9s de m\u00f3dulos interactivos con expertos de todo el mundo, incluidos l\u00edderes pol\u00edticos destacados y profesores de universidades de renombre.<\/span><\/li>\n<li style=\"font-weight: 400;\" aria-level=\"1\"><span style=\"font-weight: 400;\">Un Hackathon en Roma, entre el 6 y el 12 de Octubre de 2025, con invitados de nivel internacional para co-crear propuestas de acciones colaborativas a nivel global para resolver los actuales desaf\u00edos sociales, ambientales y econ\u00f3micos.<\/span><\/li>\n<li style=\"font-weight: 400;\" aria-level=\"1\"><span style=\"font-weight: 400;\">Mentor\u00eda personalizada de expertos para el desarrollo de tu visi\u00f3n profesional<\/span><\/li>\n<li style=\"font-weight: 400;\" aria-level=\"1\"><span style=\"font-weight: 400;\">Consultores de nivel internacional en las m\u00e1s variadas \u00e1reas relacionadas con los actuales desaf\u00edos globales.<\/span><\/li>\n<li style=\"font-weight: 400;\" aria-level=\"1\"><span style=\"font-weight: 400;\">Inclusi\u00f3n en una red global de 600 j\u00f3venes l\u00edderes de m\u00faltiples continentes.<\/span><\/li>\n<li style=\"font-weight: 400;\" aria-level=\"1\"><span style=\"font-weight: 400;\">Un espacio de intercambio virtual entre 100 j\u00f3venes de diferentes culturas, pa\u00edses, convicciones pol\u00edticas y religiosas.<\/span><\/li>\n<li style=\"font-weight: 400;\" aria-level=\"1\"><span style=\"font-weight: 400;\">Momentos de formaci\u00f3n con profesores de diferentes partes del mundo de forma asincr\u00f3nica.<\/span><\/li>\n<li style=\"font-weight: 400;\" aria-level=\"1\"><span style=\"font-weight: 400;\">5 sesiones virtuales con expertos a nivel global.<\/span><\/li>\n<li style=\"font-weight: 400;\" aria-level=\"1\"><span style=\"font-weight: 400;\">Co-creaci\u00f3n de propuestas de incidencia local y global para superar los desaf\u00edos a la acci\u00f3n colectiva que ayuden a superar las actuales crisis (social, ambiental, pol\u00edtica y econ\u00f3mica).<\/span><\/li>\n<li style=\"font-weight: 400;\" aria-level=\"1\"><span style=\"font-weight: 400;\">Instrumentos para la generaci\u00f3n y desarrollo de estrat\u00e9gias de incidencia pol\u00edtica a n\u00edvel internacional.&nbsp;<\/span><\/li>\n<\/ul>\n<h3><b>Lo que ofrecemos<\/b><\/h3>\n<ul>\n<li style=\"font-weight: 400;\" aria-level=\"1\"><span style=\"font-weight: 400;\">Un proceso de acci\u00f3n colectiva global de dos a\u00f1os combinando formaci\u00f3n, informaci\u00f3n, relaciones, herramientas y encuentros.<\/span><\/li>\n<li style=\"font-weight: 400;\" aria-level=\"1\"><span style=\"font-weight: 400;\">Instrumentos y experiencias para aumentar la calidad de la pol\u00edtica y mejorar el impacto en la transformaci\u00f3n social<\/span><\/li>\n<li style=\"font-weight: 400;\" aria-level=\"1\"><span style=\"font-weight: 400;\">Espacios de formaci\u00f3n y construcci\u00f3n colectiva de conocimiento con intercambio con profesores y expertos internacionales, con espacios de reflexi\u00f3n entre los participantes.&nbsp;<\/span><\/li>\n<li style=\"font-weight: 400;\" aria-level=\"1\"><span style=\"font-weight: 400;\">Un mentor o mentora con experiencia pol\u00edtica para potencializar tu proyecto pol\u00edtico.&nbsp;<\/span><\/li>\n<li style=\"font-weight: 400;\" aria-level=\"1\"><span style=\"font-weight: 400;\">Consultor\u00eda de expertos en los campos social, pol\u00edtico, econ\u00f3mico y ambiental.<\/span><\/li>\n<li aria-level=\"1\">Clases con expertos y expertas en Ecolog\u00eda Integral, Nuevas Econom\u00edas, Gobernanza Colaborativa, Comunicaci\u00f3n Generativa y Liderazgo Sinodal.<\/li>\n<li style=\"font-weight: 400;\" aria-level=\"1\"><span style=\"font-weight: 400;\">Inclusi\u00f3n en una red global de 600 j\u00f3venes l\u00edderes de m\u00faltiples continentes.<\/span><\/li>\n<li style=\"font-weight: 400;\" aria-level=\"1\"><span style=\"font-weight: 400;\">Acceso a&nbsp; instrumentos para el dise\u00f1o y ejecuci\u00f3n de proyectos locales con alcance global y de estrategias globales con incidencia local.<\/span><\/li>\n<li style=\"font-weight: 400;\" aria-level=\"1\"><span style=\"font-weight: 400;\">Un diploma formal que reconoce la participaci\u00f3n del programa.<\/span><\/li>\n<\/ul>\n<h3><b>Proceso de aplicaci\u00f3n<\/b><\/h3>\n<p><span style=\"font-weight: 400;\">Para postularte, por favor env\u00eda:<\/span><\/p>\n<ol>\n<li><b> Carta de motivaci\u00f3n<\/b><span style=\"font-weight: 400;\"> (m\u00e1ximo 500 palabras): Explica por qu\u00e9 est\u00e1s interesado en este programa y c\u00f3mo planeas contribuir a sus objetivos.<\/span><\/li>\n<li><b> Video<\/b><span style=\"font-weight: 400;\"> (m\u00e1ximo 3 minutos) respondiendo las siguientes preguntas:<\/span>\n<ul>\n<li><span style=\"font-weight: 400;\">\u00bfQu\u00e9 cualidades y potencialidades personales aportar\u00edas a este proceso de acci\u00f3n colectiva global? \u00bfCu\u00e1les son tus expectativas?&nbsp;<\/span><\/li>\n<li><span style=\"font-weight: 400;\">Desde tu contexto espec\u00edfico, reflexiona sobre el liderazgo: \u00bfC\u00f3mo pueden las habilidades y herramientas adquiridas en este programa potenciar tu trabajo actual y tu capacidad de generar puentes para la acci\u00f3n colectiva?<\/span><\/li>\n<\/ul>\n<\/li>\n<\/ol>\n<ol start=\"3\">\n<li><b> Descripci\u00f3n de un proyecto o iniciativa<\/b><span style=\"font-weight: 400;\">: Proporciona una breve descripci\u00f3n de un proyecto o iniciativa en la que hayas participado y que demuestre tu liderazgo.<\/span><\/li>\n<li><b> CV o Resumen<\/b><span style=\"font-weight: 400;\"> (m\u00e1ximo 2 p\u00e1ginas): Resumen de tu experiencia y calificaciones relevantes.<\/span><\/li>\n<li><b> Informar la capacidad financiera que tendr\u00eda para financiar los costos de transporte de su ciudad a Roma en octubre 2025. Puede informar si es total o parcial informando el monto en d\u00f3lares.&nbsp;<\/b><\/li>\n<li style=\"text-align: left;\"><b> Diligenciar el formul\u00e1rio que se encuentra en este link: <\/b><a href=\"https:\/\/forms.gle\/hE1i17jWj6PDp3Ji8\"><span style=\"font-weight: 400;\">https:\/\/forms.gle\/hE1i17jWj6PDp3Ji8<\/span><\/a><\/li>\n<\/ol>\n<h3><b>Idiomas<\/b><\/h3>\n<p><span style=\"font-weight: 400;\">Queremos que el idioma no sea una barrera, sino que todos y todas puedan participar de esta iniciativa global, por lo que en los encuentros sincr\u00f3nicos contaremos con traducciones al <\/span><i><span style=\"font-weight: 400;\">espa\u00f1ol, portugu\u00e9s,<\/span><\/i> <i><span style=\"font-weight: 400;\">franc\u00e9s, ingl\u00e9s e italiano<\/span><\/i><span style=\"font-weight: 400;\">. Si tu idioma es otro diferente, por favor, h\u00e1znoslo saber a trav\u00e9s del formulario de inscripci\u00f3n!<\/span><\/p>\n<h3><b>Costos de participaci\u00f3n<\/b><\/h3>\n<ul>\n<li style=\"font-weight: 400;\" aria-level=\"1\"><span style=\"font-weight: 400;\">El trayecto formativo on line es totalmente GRATUITO.&nbsp;<\/span><\/li>\n<li style=\"font-weight: 400;\" aria-level=\"1\"><span style=\"font-weight: 400;\">Durante el Hackaton en Roma, los costos de alimentaci\u00f3n y alojamiento, estar\u00e1n cubiertos por la organizaci\u00f3n.&nbsp;<\/span><\/li>\n<li style=\"font-weight: 400;\" aria-level=\"1\"><span style=\"font-weight: 400;\">Los costos de traslado desde cada ciudad-pa\u00eds hasta Roma, deber\u00e1n ser asumidos por cada participante. Sin embargo, habr\u00e1 disponibles un n\u00famero limitado BECAS para quienes precisen de una ayuda econ\u00f3mica.<\/span><\/li>\n<\/ul>\n<p><b>Fecha l\u00edmite para aplicaciones:<\/b><span style=\"font-weight: 400;\"><del> 15 de Marzo de 2025.<\/del> Gracias por tu inter\u00e9s. <strong>Nueva fecha l\u00edmite de solicitud: 31 de Marzo de 2025.<\/strong><\/span><\/p>\n<p><b>Contacto para m\u00e1s informaci\u00f3n:<\/b><span style=\"font-weight: 400;\">&nbsp; <\/span><span style=\"font-weight: 400;\">politicalinnovation<\/span><span style=\"font-weight: 400;\">@mppu.org<\/span><\/p>\n<p><span style=\"font-weight: 400;\">\u00a1Post\u00falate ahora y s\u00e9 parte de un movimiento global de liderazgo sinodal y acci\u00f3n colectiva transformadora!<\/span><\/p>\n","protected":false},"excerpt":{"rendered":"<p>PROGRAMA INTERNACIONAL \u201cUna Humanidad, Un Planeta: Liderazgo Sinodal\u201d CONVOCATORIA PARA LA PARTICIPACI\u00d3N \u00bfPiensas que la pol\u00edtica puede aportar a la soluci\u00f3n de los grandes desaf\u00edos globales? \u00bfCrees que es posible mejorar las pr\u00e1cticas pol\u00edticas a nivel internacional de modo que permita una acci\u00f3n colectiva capaz de cuidar del planeta y de la humanidad? \u00bfTienes ideas [&hellip;]<\/p>\n","protected":false},"author":7,"featured_media":10676,"comment_status":"closed","ping_status":"open","sticky":false,"template":"","format":"standard","meta":{"ngg_post_thumbnail":0,"footnotes":""},"categories":[361,360,264],"tags":[],"ambiti":[390],"luogo":[396],"progetto":[448],"acf":[],"yoast_head":"<!-- This site is optimized with the Yoast SEO plugin v21.9.1 - https:\/\/yoast.com\/wordpress\/plugins\/seo\/ -->\n<title>Una Humanidad, Un Planeta: Liderazgo Sinodal | New Humanity<\/title>\n<meta name=\"description\" content=\"PROGRAMA INTERNACIONAL \u201cUna Humanidad, Un Planeta: Liderazgo Sinodal\u201d CONVOCATORIA PARA LA PARTICIPACI\u00d3N \u00bfPiensas que la pol\u00edtica puede aportar a la\" \/>\n<meta name=\"robots\" content=\"index, follow, max-snippet:-1, max-image-preview:large, max-video-preview:-1\" \/>\n<link rel=\"canonical\" href=\"https:\/\/www.new-humanity.org\/es\/politica-bien-comun\/convocatoria-liderazgo-sinodal\/\" \/>\n<meta property=\"og:locale\" content=\"es_ES\" \/>\n<meta property=\"og:type\" content=\"article\" \/>\n<meta property=\"og:title\" content=\"Una Humanidad, Un Planeta: Liderazgo Sinodal | New Humanity\" \/>\n<meta property=\"og:description\" content=\"PROGRAMA INTERNACIONAL \u201cUna Humanidad, Un Planeta: Liderazgo Sinodal\u201d CONVOCATORIA PARA LA PARTICIPACI\u00d3N \u00bfPiensas que la pol\u00edtica puede aportar a la\" \/>\n<meta property=\"og:url\" content=\"https:\/\/www.new-humanity.org\/es\/politica-bien-comun\/convocatoria-liderazgo-sinodal\/\" \/>\n<meta property=\"og:site_name\" content=\"New Humanity\" \/>\n<meta property=\"article:published_time\" content=\"2025-02-19T22:55:54+00:00\" \/>\n<meta property=\"article:modified_time\" content=\"2025-03-21T19:42:53+00:00\" \/>\n<meta property=\"og:image\" content=\"https:\/\/www.new-humanity.org\/wp-content\/uploads\/2025\/02\/One-Humanity-One-Planet-Synodal-Leadership-International-Program-1.png\" \/>\n\t<meta property=\"og:image:width\" content=\"1198\" \/>\n\t<meta property=\"og:image:height\" content=\"698\" \/>\n\t<meta property=\"og:image:type\" content=\"image\/png\" \/>\n<meta name=\"author\" content=\"Melissa\" \/>\n<meta name=\"twitter:card\" content=\"summary_large_image\" \/>\n<meta name=\"twitter:label1\" content=\"Written by\" \/>\n\t<meta name=\"twitter:data1\" content=\"Melissa\" \/>\n\t<meta name=\"twitter:label2\" content=\"Est. reading time\" \/>\n\t<meta name=\"twitter:data2\" content=\"6 minutes\" \/>\n<script type=\"application\/ld+json\" class=\"yoast-schema-graph\">{\"@context\":\"https:\/\/schema.org\",\"@graph\":[{\"@type\":\"Article\",\"@id\":\"https:\/\/www.new-humanity.org\/es\/politica-bien-comun\/convocatoria-liderazgo-sinodal\/#article\",\"isPartOf\":{\"@id\":\"https:\/\/www.new-humanity.org\/es\/politica-bien-comun\/convocatoria-liderazgo-sinodal\/\"},\"author\":{\"name\":\"Melissa\",\"@id\":\"https:\/\/www.new-humanity.org\/es\/#\/schema\/person\/684916362421d43cc6c235b2338acee0\"},\"headline\":\"Una Humanidad, Un Planeta: Liderazgo Sinodal\",\"datePublished\":\"2025-02-19T22:55:54+00:00\",\"dateModified\":\"2025-03-21T19:42:53+00:00\",\"mainEntityOfPage\":{\"@id\":\"https:\/\/www.new-humanity.org\/es\/politica-bien-comun\/convocatoria-liderazgo-sinodal\/\"},\"wordCount\":1149,\"publisher\":{\"@id\":\"https:\/\/www.new-humanity.org\/es\/#organization\"},\"articleSection\":[\"Ciudadan\u00eda activa\",\"Pol\u00edtica bien com\u00fan\",\"Sin categorizar\"],\"inLanguage\":\"es-ES\"},{\"@type\":\"WebPage\",\"@id\":\"https:\/\/www.new-humanity.org\/es\/politica-bien-comun\/convocatoria-liderazgo-sinodal\/\",\"url\":\"https:\/\/www.new-humanity.org\/es\/politica-bien-comun\/convocatoria-liderazgo-sinodal\/\",\"name\":\"Una Humanidad, Un Planeta: Liderazgo Sinodal | New Humanity\",\"isPartOf\":{\"@id\":\"https:\/\/www.new-humanity.org\/es\/#website\"},\"datePublished\":\"2025-02-19T22:55:54+00:00\",\"dateModified\":\"2025-03-21T19:42:53+00:00\",\"description\":\"PROGRAMA INTERNACIONAL \u201cUna Humanidad, Un Planeta: Liderazgo Sinodal\u201d CONVOCATORIA PARA LA PARTICIPACI\u00d3N \u00bfPiensas que la pol\u00edtica puede aportar a la\",\"breadcrumb\":{\"@id\":\"https:\/\/www.new-humanity.org\/es\/politica-bien-comun\/convocatoria-liderazgo-sinodal\/#breadcrumb\"},\"inLanguage\":\"es-ES\",\"potentialAction\":[{\"@type\":\"ReadAction\",\"target\":[\"https:\/\/www.new-humanity.org\/es\/politica-bien-comun\/convocatoria-liderazgo-sinodal\/\"]}]},{\"@type\":\"BreadcrumbList\",\"@id\":\"https:\/\/www.new-humanity.org\/es\/politica-bien-comun\/convocatoria-liderazgo-sinodal\/#breadcrumb\",\"itemListElement\":[{\"@type\":\"ListItem\",\"position\":1,\"name\":\"Home\",\"item\":\"https:\/\/www.new-humanity.org\/es\/\"},{\"@type\":\"ListItem\",\"position\":2,\"name\":\"Una Humanidad, Un Planeta: Liderazgo Sinodal\"}]},{\"@type\":\"WebSite\",\"@id\":\"https:\/\/www.new-humanity.org\/es\/#website\",\"url\":\"https:\/\/www.new-humanity.org\/es\/\",\"name\":\"New Humanity\",\"description\":\"Per un mondo unito\",\"publisher\":{\"@id\":\"https:\/\/www.new-humanity.org\/es\/#organization\"},\"potentialAction\":[{\"@type\":\"SearchAction\",\"target\":{\"@type\":\"EntryPoint\",\"urlTemplate\":\"https:\/\/www.new-humanity.org\/es\/?s={search_term_string}\"},\"query-input\":\"required name=search_term_string\"}],\"inLanguage\":\"es-ES\"},{\"@type\":\"Organization\",\"@id\":\"https:\/\/www.new-humanity.org\/es\/#organization\",\"name\":\"New Humanity\",\"url\":\"https:\/\/www.new-humanity.org\/es\/\",\"logo\":{\"@type\":\"ImageObject\",\"inLanguage\":\"es-ES\",\"@id\":\"https:\/\/www.new-humanity.org\/es\/#\/schema\/logo\/image\/\",\"url\":\"https:\/\/www.new-humanity.org\/wp-content\/uploads\/2022\/01\/logo.jpg\",\"contentUrl\":\"https:\/\/www.new-humanity.org\/wp-content\/uploads\/2022\/01\/logo.jpg\",\"width\":520,\"height\":128,\"caption\":\"New Humanity\"},\"image\":{\"@id\":\"https:\/\/www.new-humanity.org\/es\/#\/schema\/logo\/image\/\"}},{\"@type\":\"Person\",\"@id\":\"https:\/\/www.new-humanity.org\/es\/#\/schema\/person\/684916362421d43cc6c235b2338acee0\",\"name\":\"Melissa\",\"image\":{\"@type\":\"ImageObject\",\"inLanguage\":\"es-ES\",\"@id\":\"https:\/\/www.new-humanity.org\/es\/#\/schema\/person\/image\/\",\"url\":\"https:\/\/secure.gravatar.com\/avatar\/a5818b2135d7f551f240759fb84d964d?s=96&d=mm&r=g\",\"contentUrl\":\"https:\/\/secure.gravatar.com\/avatar\/a5818b2135d7f551f240759fb84d964d?s=96&d=mm&r=g\",\"caption\":\"Melissa\"}}]}<\/script>\n<!-- \/ Yoast SEO plugin. -->","yoast_head_json":{"title":"Una Humanidad, Un Planeta: Liderazgo Sinodal | New Humanity","description":"PROGRAMA INTERNACIONAL \u201cUna Humanidad, Un Planeta: Liderazgo Sinodal\u201d CONVOCATORIA PARA LA PARTICIPACI\u00d3N \u00bfPiensas que la pol\u00edtica puede aportar a la","robots":{"index":"index","follow":"follow","max-snippet":"max-snippet:-1","max-image-preview":"max-image-preview:large","max-video-preview":"max-video-preview:-1"},"canonical":"https:\/\/www.new-humanity.org\/es\/politica-bien-comun\/convocatoria-liderazgo-sinodal\/","og_locale":"es_ES","og_type":"article","og_title":"Una Humanidad, Un Planeta: Liderazgo Sinodal | New Humanity","og_description":"PROGRAMA INTERNACIONAL \u201cUna Humanidad, Un Planeta: Liderazgo Sinodal\u201d CONVOCATORIA PARA LA PARTICIPACI\u00d3N \u00bfPiensas que la pol\u00edtica puede aportar a la","og_url":"https:\/\/www.new-humanity.org\/es\/politica-bien-comun\/convocatoria-liderazgo-sinodal\/","og_site_name":"New Humanity","article_published_time":"2025-02-19T22:55:54+00:00","article_modified_time":"2025-03-21T19:42:53+00:00","og_image":[{"width":1198,"height":698,"url":"https:\/\/www.new-humanity.org\/wp-content\/uploads\/2025\/02\/One-Humanity-One-Planet-Synodal-Leadership-International-Program-1.png","type":"image\/png"}],"author":"Melissa","twitter_card":"summary_large_image","twitter_misc":{"Written by":"Melissa","Est. reading time":"6 minutes"},"schema":{"@context":"https:\/\/schema.org","@graph":[{"@type":"Article","@id":"https:\/\/www.new-humanity.org\/es\/politica-bien-comun\/convocatoria-liderazgo-sinodal\/#article","isPartOf":{"@id":"https:\/\/www.new-humanity.org\/es\/politica-bien-comun\/convocatoria-liderazgo-sinodal\/"},"author":{"name":"Melissa","@id":"https:\/\/www.new-humanity.org\/es\/#\/schema\/person\/684916362421d43cc6c235b2338acee0"},"headline":"Una Humanidad, Un Planeta: Liderazgo Sinodal","datePublished":"2025-02-19T22:55:54+00:00","dateModified":"2025-03-21T19:42:53+00:00","mainEntityOfPage":{"@id":"https:\/\/www.new-humanity.org\/es\/politica-bien-comun\/convocatoria-liderazgo-sinodal\/"},"wordCount":1149,"publisher":{"@id":"https:\/\/www.new-humanity.org\/es\/#organization"},"articleSection":["Ciudadan\u00eda activa","Pol\u00edtica bien com\u00fan","Sin categorizar"],"inLanguage":"es-ES"},{"@type":"WebPage","@id":"https:\/\/www.new-humanity.org\/es\/politica-bien-comun\/convocatoria-liderazgo-sinodal\/","url":"https:\/\/www.new-humanity.org\/es\/politica-bien-comun\/convocatoria-liderazgo-sinodal\/","name":"Una Humanidad, Un Planeta: Liderazgo Sinodal | New Humanity","isPartOf":{"@id":"https:\/\/www.new-humanity.org\/es\/#website"},"datePublished":"2025-02-19T22:55:54+00:00","dateModified":"2025-03-21T19:42:53+00:00","description":"PROGRAMA INTERNACIONAL \u201cUna Humanidad, Un Planeta: Liderazgo Sinodal\u201d CONVOCATORIA PARA LA PARTICIPACI\u00d3N \u00bfPiensas que la pol\u00edtica puede aportar a la","breadcrumb":{"@id":"https:\/\/www.new-humanity.org\/es\/politica-bien-comun\/convocatoria-liderazgo-sinodal\/#breadcrumb"},"inLanguage":"es-ES","potentialAction":[{"@type":"ReadAction","target":["https:\/\/www.new-humanity.org\/es\/politica-bien-comun\/convocatoria-liderazgo-sinodal\/"]}]},{"@type":"BreadcrumbList","@id":"https:\/\/www.new-humanity.org\/es\/politica-bien-comun\/convocatoria-liderazgo-sinodal\/#breadcrumb","itemListElement":[{"@type":"ListItem","position":1,"name":"Home","item":"https:\/\/www.new-humanity.org\/es\/"},{"@type":"ListItem","position":2,"name":"Una Humanidad, Un Planeta: Liderazgo Sinodal"}]},{"@type":"WebSite","@id":"https:\/\/www.new-humanity.org\/es\/#website","url":"https:\/\/www.new-humanity.org\/es\/","name":"New Humanity","description":"Per un mondo unito","publisher":{"@id":"https:\/\/www.new-humanity.org\/es\/#organization"},"potentialAction":[{"@type":"SearchAction","target":{"@type":"EntryPoint","urlTemplate":"https:\/\/www.new-humanity.org\/es\/?s={search_term_string}"},"query-input":"required name=search_term_string"}],"inLanguage":"es-ES"},{"@type":"Organization","@id":"https:\/\/www.new-humanity.org\/es\/#organization","name":"New Humanity","url":"https:\/\/www.new-humanity.org\/es\/","logo":{"@type":"ImageObject","inLanguage":"es-ES","@id":"https:\/\/www.new-humanity.org\/es\/#\/schema\/logo\/image\/","url":"https:\/\/www.new-humanity.org\/wp-content\/uploads\/2022\/01\/logo.jpg","contentUrl":"https:\/\/www.new-humanity.org\/wp-content\/uploads\/2022\/01\/logo.jpg","width":520,"height":128,"caption":"New Humanity"},"image":{"@id":"https:\/\/www.new-humanity.org\/es\/#\/schema\/logo\/image\/"}},{"@type":"Person","@id":"https:\/\/www.new-humanity.org\/es\/#\/schema\/person\/684916362421d43cc6c235b2338acee0","name":"Melissa","image":{"@type":"ImageObject","inLanguage":"es-ES","@id":"https:\/\/www.new-humanity.org\/es\/#\/schema\/person\/image\/","url":"https:\/\/secure.gravatar.com\/avatar\/a5818b2135d7f551f240759fb84d964d?s=96&d=mm&r=g","contentUrl":"https:\/\/secure.gravatar.com\/avatar\/a5818b2135d7f551f240759fb84d964d?s=96&d=mm&r=g","caption":"Melissa"}}]}},"_links":{"self":[{"href":"https:\/\/www.new-humanity.org\/es\/wp-json\/wp\/v2\/posts\/10701"}],"collection":[{"href":"https:\/\/www.new-humanity.org\/es\/wp-json\/wp\/v2\/posts"}],"about":[{"href":"https:\/\/www.new-humanity.org\/es\/wp-json\/wp\/v2\/types\/post"}],"author":[{"embeddable":true,"href":"https:\/\/www.new-humanity.org\/es\/wp-json\/wp\/v2\/users\/7"}],"replies":[{"embeddable":true,"href":"https:\/\/www.new-humanity.org\/es\/wp-json\/wp\/v2\/comments?post=10701"}],"version-history":[{"count":11,"href":"https:\/\/www.new-humanity.org\/es\/wp-json\/wp\/v2\/posts\/10701\/revisions"}],"predecessor-version":[{"id":10871,"href":"https:\/\/www.new-humanity.org\/es\/wp-json\/wp\/v2\/posts\/10701\/revisions\/10871"}],"wp:featuredmedia":[{"embeddable":true,"href":"https:\/\/www.new-humanity.org\/es\/wp-json\/wp\/v2\/media\/10676"}],"wp:attachment":[{"href":"https:\/\/www.new-humanity.org\/es\/wp-json\/wp\/v2\/media?parent=10701"}],"wp:term":[{"taxonomy":"category","embeddable":true,"href":"https:\/\/www.new-humanity.org\/es\/wp-json\/wp\/v2\/categories?post=10701"},{"taxonomy":"post_tag","embeddable":true,"href":"https:\/\/www.new-humanity.org\/es\/wp-json\/wp\/v2\/tags?post=10701"},{"taxonomy":"ambiti","embeddable":true,"href":"https:\/\/www.new-humanity.org\/es\/wp-json\/wp\/v2\/ambiti?post=10701"},{"taxonomy":"luogo","embeddable":true,"href":"https:\/\/www.new-humanity.org\/es\/wp-json\/wp\/v2\/luogo?post=10701"},{"taxonomy":"progetto","embeddable":true,"href":"https:\/\/www.new-humanity.org\/es\/wp-json\/wp\/v2\/progetto?post=10701"}],"curies":[{"name":"wp","href":"https:\/\/api.w.org\/{rel}","templated":true}]}}