{"id":4393,"date":"2019-05-08T15:23:00","date_gmt":"2019-05-08T13:23:00","guid":{"rendered":"http:\/\/www.new-humanity.org\/?p=4393"},"modified":"2020-04-28T16:07:54","modified_gmt":"2020-04-28T14:07:54","slug":"una-escuela-para-convertirse-en-embajadores-del-mundo-unido","status":"publish","type":"post","link":"https:\/\/www.new-humanity.org\/es\/sin-categorizar\/una-escuela-para-convertirse-en-embajadores-del-mundo-unido\/","title":{"rendered":"Una escuela para convertirse en \u201cEmbajadores del Mundo Unido\u201d"},"content":{"rendered":"<p>En la Mari\u00e1polis de Arny, a 35 Km al sur de Par\u00eds (Francia), del 2 al 7 de septiembre, tuvo lugar la primera escuela para \u201cEmbajadores del Mundo Unido\u201d, en donde participaron 16 j\u00f3venes provenientes de 14 pa\u00edses del mundo.<\/p>\n<p>El lema que los gui\u00f3 fue \u201cmejor juntos\u201d. El programa fue promovido por la Asociaci\u00f3n Internacional New Humanity, organizaci\u00f3n no gubernamental que es una expresi\u00f3n del Movimiento de los Focolares, inspirada en su esp\u00edritu y en los valores que lo animan. El objetivo era potenciar las competencias de un grupo de j\u00f3venes change-makers, peace-builders y l\u00edderes de comunidad, form\u00e1ndolos a la cultura de la unidad, de la paz y de la fraternidad, haciendo de ellos aut\u00e9nticos \u201cembajadores\u201d de un mundo unido, en grado de llegar a ser portavoces de la ONG a nivel nacional e internacional. Los 16 j\u00f3venes involucrados proven\u00edan de B\u00e9lgica, Brasil, Camer\u00fan, Colombia, Corea del Sur, Ecuador, Filipinas, Kenia, Irak, Italia, L\u00edbano, M\u00e9xico, Nigeria, Espa\u00f1a y Estados Unidos.<\/p>\n<p><img decoding=\"async\" loading=\"lazy\" class=\"wp-image-4220 alignright\" src=\"https:\/\/www.new-humanity.org\/wp-content\/uploads\/2019\/11\/gruppo-300x143.jpg\" alt=\"\" width=\"378\" height=\"180\" srcset=\"https:\/\/www.new-humanity.org\/wp-content\/uploads\/2019\/11\/gruppo-300x143.jpg 300w, https:\/\/www.new-humanity.org\/wp-content\/uploads\/2019\/11\/gruppo-1024x486.jpg 1024w, https:\/\/www.new-humanity.org\/wp-content\/uploads\/2019\/11\/gruppo-768x365.jpg 768w, https:\/\/www.new-humanity.org\/wp-content\/uploads\/2019\/11\/gruppo-1536x730.jpg 1536w, https:\/\/www.new-humanity.org\/wp-content\/uploads\/2019\/11\/gruppo.jpg 1920w\" sizes=\"(max-width: 378px) 100vw, 378px\" \/>\u201cHa sido la primera \u201ctraining school\u201d de New Humanity\u201d se\u00f1ala Chantal Grevin, representante principal de New Humanity ante la sede de la UNESCO en Par\u00eds, \u201cuna experiencia eficaz que ha permitido, a lo largo de una semana, transmitirles las competencias necesarias para llegar a ser actores activos de nuestra ONG\u201d.<\/p>\n<p>\u201cHablamos de lo que entendemos por \u2018mundo unido\u2019, de qu\u00e9 son la paz y los derechos humanos y como consecuencia de lo que entendemos por \u2018persona\u2019\u201d, explic\u00f3 Marco Desalvo, presidente de la ONG \u201cnos estamos ejercitando en traducir a un lenguaje que puede resultar inspirador para las instituciones internacionales, todas las buenas pr\u00e1cticas que nuestros j\u00f3venes promueven cotidianamente en el mundo, para difundir en todos los c\u00edrculos de la sociedad, y a todo nivel, el esp\u00edritu de la fraternidad universal como se proclama en la Declaraci\u00f3n Universal de los Derechos Humanos\u201d.<\/p>\n<p><img decoding=\"async\" loading=\"lazy\" class=\"wp-image-4223 alignleft\" src=\"https:\/\/www.new-humanity.org\/wp-content\/uploads\/2019\/11\/passaporti-300x143.jpg\" alt=\"\" width=\"344\" height=\"180\" \/>Los j\u00f3venes embajadores fueron recibidos por funcionarios de la UNESCO de las Ciencias Humanas y Sociales (secci\u00f3n juvenil) y por el sector de educaci\u00f3n (ciudadan\u00eda mundial y cultura de paz).<\/p>\n<p>\u201cSurgi\u00f3 un di\u00e1logo abierto y libre que le permiti\u00f3 a los representantes descubrir mejor el trabajo de New Humanity, mediante el testimonio de los j\u00f3venes embajadores que pudieron involucrarse juntos, experimentando lo que hab\u00edan aprendido los d\u00edas anteriores y su positiva experiencia de ciudadan\u00eda global\u201d coment\u00f3 todav\u00eda Chantal Grevin.<\/p>\n<p>A cada uno de los j\u00f3venes se le ofreci\u00f3 la posibilidad de encontrarse personalmente con los representantes de la delegaci\u00f3n ante la UNESCO de sus propios pa\u00edses y exponerles su visi\u00f3n con respecto a los grandes desaf\u00edos de la paz, la ecolog\u00eda y la fraternidad.<\/p>\n<p>Durante la training school, los j\u00f3venes tuvieron la oportunidad de encontrarse y dialogar con Mons. Follo, Observador Permanente de la Santa Sede y con Marie Claude Machon, Philippe Beaussant y Patrick Gallaud, respectivamente Presidente, Vice-Presidente y ex Presidente del Comit\u00e9 de vinculaci\u00f3n ONG-UNESCO.<\/p>\n<p><strong><img decoding=\"async\" loading=\"lazy\" class=\"size-full wp-image-3455 alignright\" style=\"margin: 5px 5px 5px 0px; float: left;\" src=\"https:\/\/www.new-humanity.org\/wp-content\/uploads\/2019\/09\/images_UNITED%20WORLD%20AMBASSADORS%20TRAINING%20SCHOOL%20-%20Paris%20-%202-7%20September%202019_New_Humanity_Youth_Ambassadors_UNESCO_18.jpg\" alt=\"New Humanity Youth Ambassadors UNESCO 18\" width=\"320\" height=\"180\" \/><\/strong><\/p>\n<p>\u201cGracias a este curso he aprendido mucho sobre el sistema de las Naciones Unidas y sobre las actividades de las ONG en todo el mundo\u201d, cuenta, al final de su experiencia, Luciana, abogada, proveniente de Italia, \u201cpero sobre todo he redescubierto las verdaderas motivaciones que me empujaron hacia este mundo. Como embajadora de New Humanity quisiera promover la idea de que ayudarnos rec\u00edprocamente puede hacer una gran diferencia en la creaci\u00f3n de un mundo m\u00e1s unido; he entendido que las peque\u00f1as acciones pueden tener un gran impacto sobre el bienestar de las personas. \u00a1Es por eso que me siento honrada de formar parte de este fant\u00e1stico proyecto!\u201d.<\/p>\n<p>Pascal, quien es liban\u00e9s, comparti\u00f3: \u201cCuando llegu\u00e9 estaba desanimada pues parec\u00eda que no lograba encontrar soluciones para m\u00ed pa\u00eds. Aqu\u00ed encontr\u00e9 el valor y la esperanza, entend\u00ed que nos podemos sostener, realmente podemos trabajar para llegar al mundo unido. \u00a1S\u00e9 que suceder\u00e1! \u00a1Estoy muy feliz de regresar a mi pa\u00eds y empezar a trabajar!\u201d.<\/p>\n","protected":false},"excerpt":{"rendered":"<p>En la Mari\u00e1polis de Arny, a 35 Km al sur de Par\u00eds (Francia), del 2 al 7 de septiembre, tuvo lugar la primera escuela para \u201cEmbajadores del Mundo Unido\u201d, en donde participaron 16 j\u00f3venes provenientes de 14 pa\u00edses del mundo. El lema que los gui\u00f3 fue \u201cmejor juntos\u201d. El programa fue promovido por la Asociaci\u00f3n [&hellip;]<\/p>\n","protected":false},"author":5,"featured_media":4394,"comment_status":"closed","ping_status":"open","sticky":false,"template":"","format":"standard","meta":{"ngg_post_thumbnail":0,"footnotes":""},"categories":[385,383,386,382,374,264,371],"tags":[],"ambiti":[390],"luogo":[395],"progetto":[],"acf":[],"yoast_head":"<!-- This site is optimized with the Yoast SEO plugin v21.9.1 - https:\/\/yoast.com\/wordpress\/plugins\/seo\/ -->\n<title>Una escuela para convertirse en \u201cEmbajadores del Mundo Unido\u201d | New Humanity<\/title>\n<meta name=\"description\" content=\"En la Mari\u00e1polis de Arny, a 35 Km al sur de Par\u00eds (Francia), del 2 al 7 de septiembre, tuvo lugar la primera escuela para \u201cEmbajadores del Mundo Unido\u201d,\" \/>\n<meta name=\"robots\" content=\"index, follow, max-snippet:-1, max-image-preview:large, max-video-preview:-1\" \/>\n<link rel=\"canonical\" href=\"https:\/\/www.new-humanity.org\/es\/sin-categorizar\/una-escuela-para-convertirse-en-embajadores-del-mundo-unido\/\" \/>\n<meta property=\"og:locale\" content=\"es_ES\" \/>\n<meta property=\"og:type\" content=\"article\" \/>\n<meta property=\"og:title\" content=\"Una escuela para convertirse en \u201cEmbajadores del Mundo Unido\u201d | New Humanity\" \/>\n<meta property=\"og:description\" content=\"En la Mari\u00e1polis de Arny, a 35 Km al sur de Par\u00eds (Francia), del 2 al 7 de septiembre, tuvo lugar la primera escuela para \u201cEmbajadores del Mundo Unido\u201d,\" \/>\n<meta property=\"og:url\" content=\"https:\/\/www.new-humanity.org\/es\/sin-categorizar\/una-escuela-para-convertirse-en-embajadores-del-mundo-unido\/\" \/>\n<meta property=\"og:site_name\" content=\"New Humanity\" \/>\n<meta property=\"article:published_time\" content=\"2019-05-08T13:23:00+00:00\" \/>\n<meta property=\"article:modified_time\" content=\"2020-04-28T14:07:54+00:00\" \/>\n<meta property=\"og:image\" content=\"https:\/\/www.new-humanity.org\/wp-content\/uploads\/2019\/09\/images_UNITED%20WORLD%20AMBASSADORS%20TRAINING%20SCHOOL%20-%20Paris%20-%202-7%20September%202019_New_Humanity_Youth_Ambassadors_UNESCO.PNG\" \/>\n\t<meta property=\"og:image:width\" content=\"320\" \/>\n\t<meta property=\"og:image:height\" content=\"185\" \/>\n\t<meta property=\"og:image:type\" content=\"image\/png\" \/>\n<meta name=\"author\" content=\"Lucia\" \/>\n<meta name=\"twitter:card\" content=\"summary_large_image\" \/>\n<meta name=\"twitter:label1\" content=\"Written by\" \/>\n\t<meta name=\"twitter:data1\" content=\"Lucia\" \/>\n\t<meta name=\"twitter:label2\" content=\"Est. reading time\" \/>\n\t<meta name=\"twitter:data2\" content=\"3 minutes\" \/>\n<script type=\"application\/ld+json\" class=\"yoast-schema-graph\">{\"@context\":\"https:\/\/schema.org\",\"@graph\":[{\"@type\":\"Article\",\"@id\":\"https:\/\/www.new-humanity.org\/es\/sin-categorizar\/una-escuela-para-convertirse-en-embajadores-del-mundo-unido\/#article\",\"isPartOf\":{\"@id\":\"https:\/\/www.new-humanity.org\/es\/sin-categorizar\/una-escuela-para-convertirse-en-embajadores-del-mundo-unido\/\"},\"author\":{\"name\":\"Lucia\",\"@id\":\"https:\/\/www.new-humanity.org\/es\/#\/schema\/person\/7001b52104c7418c63ef378a736f64c0\"},\"headline\":\"Una escuela para convertirse en \u201cEmbajadores del Mundo Unido\u201d\",\"datePublished\":\"2019-05-08T13:23:00+00:00\",\"dateModified\":\"2020-04-28T14:07:54+00:00\",\"mainEntityOfPage\":{\"@id\":\"https:\/\/www.new-humanity.org\/es\/sin-categorizar\/una-escuela-para-convertirse-en-embajadores-del-mundo-unido\/\"},\"wordCount\":686,\"publisher\":{\"@id\":\"https:\/\/www.new-humanity.org\/es\/#organization\"},\"articleSection\":[\"Educaci\u00f3n a la Paz\",\"Formaci\u00f3n al liderazgo y a la responsabilidad ciudadana\",\"Formaci\u00f3n en cultura de la unidad\",\"J\u00f3venes\",\"Naciones Unidas\",\"Sin categorizar\",\"UNESCO\"],\"inLanguage\":\"es-ES\"},{\"@type\":\"WebPage\",\"@id\":\"https:\/\/www.new-humanity.org\/es\/sin-categorizar\/una-escuela-para-convertirse-en-embajadores-del-mundo-unido\/\",\"url\":\"https:\/\/www.new-humanity.org\/es\/sin-categorizar\/una-escuela-para-convertirse-en-embajadores-del-mundo-unido\/\",\"name\":\"Una escuela para convertirse en \u201cEmbajadores del Mundo Unido\u201d | New Humanity\",\"isPartOf\":{\"@id\":\"https:\/\/www.new-humanity.org\/es\/#website\"},\"datePublished\":\"2019-05-08T13:23:00+00:00\",\"dateModified\":\"2020-04-28T14:07:54+00:00\",\"description\":\"En la Mari\u00e1polis de Arny, a 35 Km al sur de Par\u00eds (Francia), del 2 al 7 de septiembre, tuvo lugar la primera escuela para \u201cEmbajadores del Mundo Unido\u201d,\",\"breadcrumb\":{\"@id\":\"https:\/\/www.new-humanity.org\/es\/sin-categorizar\/una-escuela-para-convertirse-en-embajadores-del-mundo-unido\/#breadcrumb\"},\"inLanguage\":\"es-ES\",\"potentialAction\":[{\"@type\":\"ReadAction\",\"target\":[\"https:\/\/www.new-humanity.org\/es\/sin-categorizar\/una-escuela-para-convertirse-en-embajadores-del-mundo-unido\/\"]}]},{\"@type\":\"BreadcrumbList\",\"@id\":\"https:\/\/www.new-humanity.org\/es\/sin-categorizar\/una-escuela-para-convertirse-en-embajadores-del-mundo-unido\/#breadcrumb\",\"itemListElement\":[{\"@type\":\"ListItem\",\"position\":1,\"name\":\"Home\",\"item\":\"https:\/\/www.new-humanity.org\/es\/\"},{\"@type\":\"ListItem\",\"position\":2,\"name\":\"Una escuela para convertirse en \u201cEmbajadores del Mundo Unido\u201d\"}]},{\"@type\":\"WebSite\",\"@id\":\"https:\/\/www.new-humanity.org\/es\/#website\",\"url\":\"https:\/\/www.new-humanity.org\/es\/\",\"name\":\"New Humanity\",\"description\":\"Per un mondo unito\",\"publisher\":{\"@id\":\"https:\/\/www.new-humanity.org\/es\/#organization\"},\"potentialAction\":[{\"@type\":\"SearchAction\",\"target\":{\"@type\":\"EntryPoint\",\"urlTemplate\":\"https:\/\/www.new-humanity.org\/es\/?s={search_term_string}\"},\"query-input\":\"required name=search_term_string\"}],\"inLanguage\":\"es-ES\"},{\"@type\":\"Organization\",\"@id\":\"https:\/\/www.new-humanity.org\/es\/#organization\",\"name\":\"New Humanity\",\"url\":\"https:\/\/www.new-humanity.org\/es\/\",\"logo\":{\"@type\":\"ImageObject\",\"inLanguage\":\"es-ES\",\"@id\":\"https:\/\/www.new-humanity.org\/es\/#\/schema\/logo\/image\/\",\"url\":\"https:\/\/www.new-humanity.org\/wp-content\/uploads\/2022\/01\/logo.jpg\",\"contentUrl\":\"https:\/\/www.new-humanity.org\/wp-content\/uploads\/2022\/01\/logo.jpg\",\"width\":520,\"height\":128,\"caption\":\"New Humanity\"},\"image\":{\"@id\":\"https:\/\/www.new-humanity.org\/es\/#\/schema\/logo\/image\/\"}},{\"@type\":\"Person\",\"@id\":\"https:\/\/www.new-humanity.org\/es\/#\/schema\/person\/7001b52104c7418c63ef378a736f64c0\",\"name\":\"Lucia\",\"image\":{\"@type\":\"ImageObject\",\"inLanguage\":\"es-ES\",\"@id\":\"https:\/\/www.new-humanity.org\/es\/#\/schema\/person\/image\/\",\"url\":\"https:\/\/secure.gravatar.com\/avatar\/cae864aecdc75e8a1c6921ee6f7d215f?s=96&d=mm&r=g\",\"contentUrl\":\"https:\/\/secure.gravatar.com\/avatar\/cae864aecdc75e8a1c6921ee6f7d215f?s=96&d=mm&r=g\",\"caption\":\"Lucia\"}}]}<\/script>\n<!-- \/ Yoast SEO plugin. -->","yoast_head_json":{"title":"Una escuela para convertirse en \u201cEmbajadores del Mundo Unido\u201d | New Humanity","description":"En la Mari\u00e1polis de Arny, a 35 Km al sur de Par\u00eds (Francia), del 2 al 7 de septiembre, tuvo lugar la primera escuela para \u201cEmbajadores del Mundo Unido\u201d,","robots":{"index":"index","follow":"follow","max-snippet":"max-snippet:-1","max-image-preview":"max-image-preview:large","max-video-preview":"max-video-preview:-1"},"canonical":"https:\/\/www.new-humanity.org\/es\/sin-categorizar\/una-escuela-para-convertirse-en-embajadores-del-mundo-unido\/","og_locale":"es_ES","og_type":"article","og_title":"Una escuela para convertirse en \u201cEmbajadores del Mundo Unido\u201d | New Humanity","og_description":"En la Mari\u00e1polis de Arny, a 35 Km al sur de Par\u00eds (Francia), del 2 al 7 de septiembre, tuvo lugar la primera escuela para \u201cEmbajadores del Mundo Unido\u201d,","og_url":"https:\/\/www.new-humanity.org\/es\/sin-categorizar\/una-escuela-para-convertirse-en-embajadores-del-mundo-unido\/","og_site_name":"New Humanity","article_published_time":"2019-05-08T13:23:00+00:00","article_modified_time":"2020-04-28T14:07:54+00:00","og_image":[{"width":320,"height":185,"url":"https:\/\/www.new-humanity.org\/wp-content\/uploads\/2019\/09\/images_UNITED WORLD AMBASSADORS TRAINING SCHOOL - Paris - 2-7 September 2019_New_Humanity_Youth_Ambassadors_UNESCO.PNG","type":"image\/png"}],"author":"Lucia","twitter_card":"summary_large_image","twitter_misc":{"Written by":"Lucia","Est. reading time":"3 minutes"},"schema":{"@context":"https:\/\/schema.org","@graph":[{"@type":"Article","@id":"https:\/\/www.new-humanity.org\/es\/sin-categorizar\/una-escuela-para-convertirse-en-embajadores-del-mundo-unido\/#article","isPartOf":{"@id":"https:\/\/www.new-humanity.org\/es\/sin-categorizar\/una-escuela-para-convertirse-en-embajadores-del-mundo-unido\/"},"author":{"name":"Lucia","@id":"https:\/\/www.new-humanity.org\/es\/#\/schema\/person\/7001b52104c7418c63ef378a736f64c0"},"headline":"Una escuela para convertirse en \u201cEmbajadores del Mundo Unido\u201d","datePublished":"2019-05-08T13:23:00+00:00","dateModified":"2020-04-28T14:07:54+00:00","mainEntityOfPage":{"@id":"https:\/\/www.new-humanity.org\/es\/sin-categorizar\/una-escuela-para-convertirse-en-embajadores-del-mundo-unido\/"},"wordCount":686,"publisher":{"@id":"https:\/\/www.new-humanity.org\/es\/#organization"},"articleSection":["Educaci\u00f3n a la Paz","Formaci\u00f3n al liderazgo y a la responsabilidad ciudadana","Formaci\u00f3n en cultura de la unidad","J\u00f3venes","Naciones Unidas","Sin categorizar","UNESCO"],"inLanguage":"es-ES"},{"@type":"WebPage","@id":"https:\/\/www.new-humanity.org\/es\/sin-categorizar\/una-escuela-para-convertirse-en-embajadores-del-mundo-unido\/","url":"https:\/\/www.new-humanity.org\/es\/sin-categorizar\/una-escuela-para-convertirse-en-embajadores-del-mundo-unido\/","name":"Una escuela para convertirse en \u201cEmbajadores del Mundo Unido\u201d | New Humanity","isPartOf":{"@id":"https:\/\/www.new-humanity.org\/es\/#website"},"datePublished":"2019-05-08T13:23:00+00:00","dateModified":"2020-04-28T14:07:54+00:00","description":"En la Mari\u00e1polis de Arny, a 35 Km al sur de Par\u00eds (Francia), del 2 al 7 de septiembre, tuvo lugar la primera escuela para \u201cEmbajadores del Mundo Unido\u201d,","breadcrumb":{"@id":"https:\/\/www.new-humanity.org\/es\/sin-categorizar\/una-escuela-para-convertirse-en-embajadores-del-mundo-unido\/#breadcrumb"},"inLanguage":"es-ES","potentialAction":[{"@type":"ReadAction","target":["https:\/\/www.new-humanity.org\/es\/sin-categorizar\/una-escuela-para-convertirse-en-embajadores-del-mundo-unido\/"]}]},{"@type":"BreadcrumbList","@id":"https:\/\/www.new-humanity.org\/es\/sin-categorizar\/una-escuela-para-convertirse-en-embajadores-del-mundo-unido\/#breadcrumb","itemListElement":[{"@type":"ListItem","position":1,"name":"Home","item":"https:\/\/www.new-humanity.org\/es\/"},{"@type":"ListItem","position":2,"name":"Una escuela para convertirse en \u201cEmbajadores del Mundo Unido\u201d"}]},{"@type":"WebSite","@id":"https:\/\/www.new-humanity.org\/es\/#website","url":"https:\/\/www.new-humanity.org\/es\/","name":"New Humanity","description":"Per un mondo unito","publisher":{"@id":"https:\/\/www.new-humanity.org\/es\/#organization"},"potentialAction":[{"@type":"SearchAction","target":{"@type":"EntryPoint","urlTemplate":"https:\/\/www.new-humanity.org\/es\/?s={search_term_string}"},"query-input":"required name=search_term_string"}],"inLanguage":"es-ES"},{"@type":"Organization","@id":"https:\/\/www.new-humanity.org\/es\/#organization","name":"New Humanity","url":"https:\/\/www.new-humanity.org\/es\/","logo":{"@type":"ImageObject","inLanguage":"es-ES","@id":"https:\/\/www.new-humanity.org\/es\/#\/schema\/logo\/image\/","url":"https:\/\/www.new-humanity.org\/wp-content\/uploads\/2022\/01\/logo.jpg","contentUrl":"https:\/\/www.new-humanity.org\/wp-content\/uploads\/2022\/01\/logo.jpg","width":520,"height":128,"caption":"New Humanity"},"image":{"@id":"https:\/\/www.new-humanity.org\/es\/#\/schema\/logo\/image\/"}},{"@type":"Person","@id":"https:\/\/www.new-humanity.org\/es\/#\/schema\/person\/7001b52104c7418c63ef378a736f64c0","name":"Lucia","image":{"@type":"ImageObject","inLanguage":"es-ES","@id":"https:\/\/www.new-humanity.org\/es\/#\/schema\/person\/image\/","url":"https:\/\/secure.gravatar.com\/avatar\/cae864aecdc75e8a1c6921ee6f7d215f?s=96&d=mm&r=g","contentUrl":"https:\/\/secure.gravatar.com\/avatar\/cae864aecdc75e8a1c6921ee6f7d215f?s=96&d=mm&r=g","caption":"Lucia"}}]}},"_links":{"self":[{"href":"https:\/\/www.new-humanity.org\/es\/wp-json\/wp\/v2\/posts\/4393"}],"collection":[{"href":"https:\/\/www.new-humanity.org\/es\/wp-json\/wp\/v2\/posts"}],"about":[{"href":"https:\/\/www.new-humanity.org\/es\/wp-json\/wp\/v2\/types\/post"}],"author":[{"embeddable":true,"href":"https:\/\/www.new-humanity.org\/es\/wp-json\/wp\/v2\/users\/5"}],"replies":[{"embeddable":true,"href":"https:\/\/www.new-humanity.org\/es\/wp-json\/wp\/v2\/comments?post=4393"}],"version-history":[{"count":4,"href":"https:\/\/www.new-humanity.org\/es\/wp-json\/wp\/v2\/posts\/4393\/revisions"}],"predecessor-version":[{"id":4920,"href":"https:\/\/www.new-humanity.org\/es\/wp-json\/wp\/v2\/posts\/4393\/revisions\/4920"}],"wp:featuredmedia":[{"embeddable":true,"href":"https:\/\/www.new-humanity.org\/es\/wp-json\/wp\/v2\/media\/4394"}],"wp:attachment":[{"href":"https:\/\/www.new-humanity.org\/es\/wp-json\/wp\/v2\/media?parent=4393"}],"wp:term":[{"taxonomy":"category","embeddable":true,"href":"https:\/\/www.new-humanity.org\/es\/wp-json\/wp\/v2\/categories?post=4393"},{"taxonomy":"post_tag","embeddable":true,"href":"https:\/\/www.new-humanity.org\/es\/wp-json\/wp\/v2\/tags?post=4393"},{"taxonomy":"ambiti","embeddable":true,"href":"https:\/\/www.new-humanity.org\/es\/wp-json\/wp\/v2\/ambiti?post=4393"},{"taxonomy":"luogo","embeddable":true,"href":"https:\/\/www.new-humanity.org\/es\/wp-json\/wp\/v2\/luogo?post=4393"},{"taxonomy":"progetto","embeddable":true,"href":"https:\/\/www.new-humanity.org\/es\/wp-json\/wp\/v2\/progetto?post=4393"}],"curies":[{"name":"wp","href":"https:\/\/api.w.org\/{rel}","templated":true}]}}