{"id":6038,"date":"2022-07-14T15:28:30","date_gmt":"2022-07-14T13:28:30","guid":{"rendered":"https:\/\/www.new-humanity.org\/?p=6038"},"modified":"2022-07-18T17:04:48","modified_gmt":"2022-07-18T15:04:48","slug":"pierre-benoit-un-horizonte-mas-amplio","status":"publish","type":"post","link":"https:\/\/www.new-humanity.org\/es\/sin-categorizar\/pierre-benoit-un-horizonte-mas-amplio\/","title":{"rendered":"Pierre Benoit: Un horizonte m\u00e1s amplio"},"content":{"rendered":"<h4><i><span style=\"font-weight: 400;\">El 19 de julio de 2021 nos dej\u00f3 Pierre Benoit. En el primer aniversario de su muerte, un recuerdo y la gratitud por un gran legado.<\/span><\/i><\/h4>\n<p style=\"text-align: right;\"><span style=\"font-weight: 400;\">de Paolo Balduzzi<\/span><\/p>\n<p>&nbsp;<\/p>\n<p><span style=\"font-weight: 400;\">Finales de septiembre de 2016. Ese debi\u00f3 ser el momento en el que conoc\u00ed a Pierre Benoit. \u00c9l est\u00e1 en Roma, procedente de su Par\u00eds, para algunas reuniones relacionadas con su servicio en el \u00e1mbito educativo para la ONG \u201cNew Humanity\u201d y para otras entidades vinculadas a ella.<\/span><\/p>\n<p><span style=\"font-weight: 400;\">Es el primero en llegar y yo estoy all\u00ed en la misma oficina. Luego, en las horas sucesivas, llegar\u00e1n todos los dem\u00e1s, pero mientras tanto esta es la primera oportunidad para conocernos un poco<\/span><span style=\"font-weight: 400;\">.<\/span><\/p>\n<p><span style=\"font-weight: 400;\">Un franc\u00e9s elegante y simp\u00e1tico, Pierre, con ese aire socarr\u00f3n no de quien sabe mucho, sino de quien siempre tiene un <\/span><i><span style=\"font-weight: 400;\">horizonte m\u00e1s amplio<\/span><\/i><span style=\"font-weight: 400;\"> al que mirar, que las cosas mezquinas de la vida cotidiana, a las que, sin embargo, daba gran valor a trav\u00e9s de gestos de amabilidad: y he aqu\u00ed un caf\u00e9 juntos, un momento de compartir, el asombro casi infantil frente a una cosa bella, sin olvidar su risa, verdaderamente inconfundible.<\/span><\/p>\n<p><img decoding=\"async\" loading=\"lazy\" class=\"size-medium wp-image-6019 alignright\" src=\"https:\/\/www.new-humanity.org\/wp-content\/uploads\/2022\/07\/Pierre-4-168x300.jpeg\" alt=\"\" width=\"168\" height=\"300\" srcset=\"https:\/\/www.new-humanity.org\/wp-content\/uploads\/2022\/07\/Pierre-4-168x300.jpeg 168w, https:\/\/www.new-humanity.org\/wp-content\/uploads\/2022\/07\/Pierre-4.jpeg 575w\" sizes=\"(max-width: 168px) 100vw, 168px\" \/><\/p>\n<p>&nbsp;<\/p>\n<p><span style=\"font-weight: 400;\">Eternidad y Humanidad se mezclan en Pierre, y si alguna vez (lo entender\u00e9 con el tiempo) podr\u00eda parecerme un poco &#8220;en su mundo&#8221;, en realidad su presencia es un recordatorio muy fuerte de no dejarse agobiar por las prisas diarias, por los afanes de una vida complicada. Este Pierre me ense\u00f1\u00f3: a mirar siempre m\u00e1s all\u00e1 del obst\u00e1culo, a recordar que la vida es m\u00e1s que lo ordinario, especialmente en los momentos m\u00e1s dif\u00edciles; ordinario que, sin embargo, con peque\u00f1as atenciones a los dem\u00e1s, puede ser muy bonito.\u00a0<\/span><\/p>\n<p><span style=\"font-weight: 400;\">Parisino, nacido en 1952, Pierre fue profesor de italiano, y trabajo durante a\u00f1os en un instituto del norte de la capital francesa. Casado con Marie-Annick, tuvo dos hijas, Agathe y Fleur; apasionado de la educaci\u00f3n y se preocupa especialmente por la educaci\u00f3n para la fraternidad.<\/span><\/p>\n<p><span style=\"font-weight: 400;\">Pierre, algunos a\u00f1os antes, hab\u00eda encontrado el Ideal de un Mundo Unido propuesto por Chiara Lubich, comprendiendo plenamente su enorme potencial tambi\u00e9n desde el punto de vista social y, por tanto, educativo. Por eso se hab\u00eda volcado en cuerpo y alma a trabajar por este objetivo con competencia, profesionalidad y pasi\u00f3n, aprovechando en su trabajo diario la posibilidad de cambiar el mundo.<\/span><\/p>\n<p>En su instituto, un d\u00eda, tras una fuerte discusi\u00f3n entre dos alumnas, propone lanzar el dado de la fraternidad: un verdadero dado de juego en el que en cada una de las seis caras est\u00e1 escrita una frase de \u00e1nimo para el di\u00e1logo y el encuentro con el otro: es el m\u00e9todo para la fraternidad (una versi\u00f3n laica del Arte de Amar de Chiara Lubich) propuesto a los alumnos seg\u00fan una formulaci\u00f3n adaptada a su edad: la experiencia tiene tanto \u00e9xito que Pierre y sus alumnos fundaron la <a href=\"http:\/\/fraternaide.fr\/\" target=\"_blank\" rel=\"noopener\">asociaci\u00f3n \u201cFratern&#8217;Aide\u201d<\/a> para promover esta pedagog\u00eda de la fraternidad en otras escuelas. El objetivo hoy, sigue siendo el mismo, ayudar a construir la paz, la fraternidad y la solidaridad entre todos, incluso entre generaciones, un objetivo que se traduce en colaboraciones, animaciones, encuentros con personas en residencias de ancianos y en intervenciones en escuelas de primaria, secundaria y bachillerato, en asociaciones y tambi\u00e9n en diferentes congresos.<\/p>\n<p><span style=\"font-weight: 400;\">Por tanto, desde el principio, el m\u00e9todo propuesto por \u201cFratern&#8217;Aide\u201d se abre paso en la escuela, pero tambi\u00e9n en el mundo civil y cultural circundante. Y vuelve, la constante de Pierre, <\/span><i><span style=\"font-weight: 400;\">un horizonte m\u00e1s amplio<\/span><\/i><span style=\"font-weight: 400;\">, que va m\u00e1s all\u00e1 de su propia zona de confort y en este caso llega a la UNESCO y al Consejo de Europa, donde en 2011, por invitaci\u00f3n del entonces presidente de la Comisi\u00f3n de Derechos Humanos, la asociaci\u00f3n comunica su historia y experiencia.<\/span><\/p>\n<p><span style=\"font-weight: 400;\">Es tambi\u00e9n gracias a este compromiso que, a lo largo de los a\u00f1os, Pierre se ha convertido en un verdadero animador de la ONG \u201cNew Humanity\u201d, llevando la experiencia y los resultados de su trabajo de investigaci\u00f3n sobre la fraternidad en la educaci\u00f3n para la paz y la ciudadan\u00eda global a conferencias y talleres en diferentes partes del mundo.<\/span><\/p>\n<p><span style=\"font-weight: 400;\">Junto con Marie-Annick, Pierre tambi\u00e9n se convirti\u00f3 en el representante de la ONG \u201cNew Humanity\u201d en la UNESCO, lo que para \u00e9l significaba trabajar con todas las personas de buena voluntad para construir la unidad de la familia humana, invirtiendo en acciones y proyectos inclusivos, para dar las mismas oportunidades a todos los ni\u00f1os y estudiantes de diferentes partes del mundo<\/span><\/p>\n<p><img decoding=\"async\" loading=\"lazy\" class=\"size-medium wp-image-6015 alignleft\" src=\"https:\/\/www.new-humanity.org\/wp-content\/uploads\/2022\/07\/Pierre-3-300x168.jpeg\" alt=\"\" width=\"300\" height=\"168\" srcset=\"https:\/\/www.new-humanity.org\/wp-content\/uploads\/2022\/07\/Pierre-3-300x168.jpeg 300w, https:\/\/www.new-humanity.org\/wp-content\/uploads\/2022\/07\/Pierre-3-768x431.jpeg 768w, https:\/\/www.new-humanity.org\/wp-content\/uploads\/2022\/07\/Pierre-3.jpeg 1024w\" sizes=\"(max-width: 300px) 100vw, 300px\" \/><\/p>\n<p><span style=\"font-weight: 400;\">Fue una vida intensa de trabajo, de relaciones, de mucho estudio, que no le ahorr\u00f3 a Pierre ni siquiera grandes dramas que golpearon a su familia, en primer lugar la enfermedad de su querida hija Agathe y su muerte a temprana edad. Su labor como padre, quiz\u00e1 nunca resuelta por el destino de su hija, sin embargo lo hab\u00eda llevado a lo largo de los a\u00f1os a afinar su sensibilidad por los dem\u00e1s, especialmente por los que m\u00e1s sufr\u00edan, buscando de forma exquisitamente obstinada el camino del di\u00e1logo, dando sentido con su testimonio a esa muerte prematura.<\/span><\/p>\n<p><span style=\"font-weight: 400;\">Y as\u00ed fue hasta el final, cuando una enfermedad, r\u00e1pida e inesperada, se lo llev\u00f3 hace un a\u00f1o, el 19 de julio de 2021, a ese <i>horizonte m\u00e1s amplio<\/i> que fue tan constante en su vida. Intentar hacer lo mismo hoy, ampliando la mirada y poniendo el coraz\u00f3n con valent\u00eda m\u00e1s all\u00e1 de los obst\u00e1culos, es la mejor manera de hacer relevante su legado.<\/span><\/p>\n<p>&nbsp;<\/p>\n<p><strong>Links \u00fatiles:<\/strong><\/p>\n<ul>\n<li><a href=\"https:\/\/www.unsa-education.com\/article-\/comment-apprendre-et-vivre-la-fraternite-entretien-avec-pierre-benoit\/\" target=\"_blank\" rel=\"noopener\">https:\/\/www.unsa-education.com\/article-\/comment-apprendre-et-vivre-la-fraternite-entretien-avec-pierre-benoit\/<\/a><\/li>\n<li><a href=\"http:\/\/www.eduforunity.org\/studi-progetti-esperienze\/relazioni\/75-relazioni-di-congressi\/educazione-un-atto-damore\/295-fratern-aide-inglese.html\" target=\"_blank\" rel=\"noopener\">http:\/\/www.eduforunity.org\/studi-progetti-esperienze\/relazioni\/75-relazioni-di-congressi\/educazione-un-atto-damore\/295-fratern-aide-inglese.html<\/a><\/li>\n<li><a href=\"https:\/\/humanitenouvelle.org\/wp-content\/uploads\/2021\/07\/GrevinChantal_Hommage-a-Pierre-Benoit-le-24-juillet-2021.pdf\" target=\"_blank\" rel=\"noopener\">https:\/\/humanitenouvelle.org\/wp-content\/uploads\/2021\/07\/GrevinChantal_Hommage-a-Pierre-Benoit-le-24-juillet-2021.pdf<\/a><\/li>\n<\/ul>\n","protected":false},"excerpt":{"rendered":"<p>El 19 de julio de 2021 nos dej\u00f3 Pierre Benoit. En el primer aniversario de su muerte, un recuerdo y la gratitud por un gran legado. de Paolo Balduzzi &nbsp; Finales de septiembre de 2016. Ese debi\u00f3 ser el momento en el que conoc\u00ed a Pierre Benoit. \u00c9l est\u00e1 en Roma, procedente de su Par\u00eds, [&hellip;]<\/p>\n","protected":false},"author":7,"featured_media":6026,"comment_status":"closed","ping_status":"open","sticky":false,"template":"","format":"standard","meta":{"ngg_post_thumbnail":0,"footnotes":""},"categories":[264],"tags":[],"ambiti":[],"luogo":[395],"progetto":[],"acf":[],"yoast_head":"<!-- This site is optimized with the Yoast SEO plugin v21.9.1 - https:\/\/yoast.com\/wordpress\/plugins\/seo\/ -->\n<title>Pierre Benoit: Un horizonte m\u00e1s amplio | New Humanity<\/title>\n<meta name=\"description\" content=\"El 19 de julio de 2021 nos dej\u00f3 Pierre Benoit. En el primer aniversario de su muerte, un recuerdo y la gratitud por un gran legado. de Paolo Balduzzi\" \/>\n<meta name=\"robots\" content=\"index, follow, max-snippet:-1, max-image-preview:large, max-video-preview:-1\" \/>\n<link rel=\"canonical\" href=\"https:\/\/www.new-humanity.org\/es\/sin-categorizar\/pierre-benoit-un-horizonte-mas-amplio\/\" \/>\n<meta property=\"og:locale\" content=\"es_ES\" \/>\n<meta property=\"og:type\" content=\"article\" \/>\n<meta property=\"og:title\" content=\"Pierre Benoit: Un horizonte m\u00e1s amplio | New Humanity\" \/>\n<meta property=\"og:description\" content=\"El 19 de julio de 2021 nos dej\u00f3 Pierre Benoit. En el primer aniversario de su muerte, un recuerdo y la gratitud por un gran legado. de Paolo Balduzzi\" \/>\n<meta property=\"og:url\" content=\"https:\/\/www.new-humanity.org\/es\/sin-categorizar\/pierre-benoit-un-horizonte-mas-amplio\/\" \/>\n<meta property=\"og:site_name\" content=\"New Humanity\" \/>\n<meta property=\"article:published_time\" content=\"2022-07-14T13:28:30+00:00\" \/>\n<meta property=\"article:modified_time\" content=\"2022-07-18T15:04:48+00:00\" \/>\n<meta property=\"og:image\" content=\"https:\/\/www.new-humanity.org\/wp-content\/uploads\/2022\/07\/Pierre-1.jpeg\" \/>\n\t<meta property=\"og:image:width\" content=\"1776\" \/>\n\t<meta property=\"og:image:height\" content=\"1153\" \/>\n\t<meta property=\"og:image:type\" content=\"image\/jpeg\" \/>\n<meta name=\"author\" content=\"Melissa\" \/>\n<meta name=\"twitter:card\" content=\"summary_large_image\" \/>\n<meta name=\"twitter:label1\" content=\"Written by\" \/>\n\t<meta name=\"twitter:data1\" content=\"Melissa\" \/>\n\t<meta name=\"twitter:label2\" content=\"Est. reading time\" \/>\n\t<meta name=\"twitter:data2\" content=\"6 minutes\" \/>\n<script type=\"application\/ld+json\" class=\"yoast-schema-graph\">{\"@context\":\"https:\/\/schema.org\",\"@graph\":[{\"@type\":\"Article\",\"@id\":\"https:\/\/www.new-humanity.org\/es\/sin-categorizar\/pierre-benoit-un-horizonte-mas-amplio\/#article\",\"isPartOf\":{\"@id\":\"https:\/\/www.new-humanity.org\/es\/sin-categorizar\/pierre-benoit-un-horizonte-mas-amplio\/\"},\"author\":{\"name\":\"Melissa\",\"@id\":\"https:\/\/www.new-humanity.org\/es\/#\/schema\/person\/684916362421d43cc6c235b2338acee0\"},\"headline\":\"Pierre Benoit: Un horizonte m\u00e1s amplio\",\"datePublished\":\"2022-07-14T13:28:30+00:00\",\"dateModified\":\"2022-07-18T15:04:48+00:00\",\"mainEntityOfPage\":{\"@id\":\"https:\/\/www.new-humanity.org\/es\/sin-categorizar\/pierre-benoit-un-horizonte-mas-amplio\/\"},\"wordCount\":985,\"publisher\":{\"@id\":\"https:\/\/www.new-humanity.org\/es\/#organization\"},\"articleSection\":[\"Sin categorizar\"],\"inLanguage\":\"es-ES\"},{\"@type\":\"WebPage\",\"@id\":\"https:\/\/www.new-humanity.org\/es\/sin-categorizar\/pierre-benoit-un-horizonte-mas-amplio\/\",\"url\":\"https:\/\/www.new-humanity.org\/es\/sin-categorizar\/pierre-benoit-un-horizonte-mas-amplio\/\",\"name\":\"Pierre Benoit: Un horizonte m\u00e1s amplio | New Humanity\",\"isPartOf\":{\"@id\":\"https:\/\/www.new-humanity.org\/es\/#website\"},\"datePublished\":\"2022-07-14T13:28:30+00:00\",\"dateModified\":\"2022-07-18T15:04:48+00:00\",\"description\":\"El 19 de julio de 2021 nos dej\u00f3 Pierre Benoit. En el primer aniversario de su muerte, un recuerdo y la gratitud por un gran legado. de Paolo Balduzzi\",\"breadcrumb\":{\"@id\":\"https:\/\/www.new-humanity.org\/es\/sin-categorizar\/pierre-benoit-un-horizonte-mas-amplio\/#breadcrumb\"},\"inLanguage\":\"es-ES\",\"potentialAction\":[{\"@type\":\"ReadAction\",\"target\":[\"https:\/\/www.new-humanity.org\/es\/sin-categorizar\/pierre-benoit-un-horizonte-mas-amplio\/\"]}]},{\"@type\":\"BreadcrumbList\",\"@id\":\"https:\/\/www.new-humanity.org\/es\/sin-categorizar\/pierre-benoit-un-horizonte-mas-amplio\/#breadcrumb\",\"itemListElement\":[{\"@type\":\"ListItem\",\"position\":1,\"name\":\"Home\",\"item\":\"https:\/\/www.new-humanity.org\/es\/\"},{\"@type\":\"ListItem\",\"position\":2,\"name\":\"Pierre Benoit: Un horizonte m\u00e1s amplio\"}]},{\"@type\":\"WebSite\",\"@id\":\"https:\/\/www.new-humanity.org\/es\/#website\",\"url\":\"https:\/\/www.new-humanity.org\/es\/\",\"name\":\"New Humanity\",\"description\":\"Per un mondo unito\",\"publisher\":{\"@id\":\"https:\/\/www.new-humanity.org\/es\/#organization\"},\"potentialAction\":[{\"@type\":\"SearchAction\",\"target\":{\"@type\":\"EntryPoint\",\"urlTemplate\":\"https:\/\/www.new-humanity.org\/es\/?s={search_term_string}\"},\"query-input\":\"required name=search_term_string\"}],\"inLanguage\":\"es-ES\"},{\"@type\":\"Organization\",\"@id\":\"https:\/\/www.new-humanity.org\/es\/#organization\",\"name\":\"New Humanity\",\"url\":\"https:\/\/www.new-humanity.org\/es\/\",\"logo\":{\"@type\":\"ImageObject\",\"inLanguage\":\"es-ES\",\"@id\":\"https:\/\/www.new-humanity.org\/es\/#\/schema\/logo\/image\/\",\"url\":\"https:\/\/www.new-humanity.org\/wp-content\/uploads\/2022\/01\/logo.jpg\",\"contentUrl\":\"https:\/\/www.new-humanity.org\/wp-content\/uploads\/2022\/01\/logo.jpg\",\"width\":520,\"height\":128,\"caption\":\"New Humanity\"},\"image\":{\"@id\":\"https:\/\/www.new-humanity.org\/es\/#\/schema\/logo\/image\/\"}},{\"@type\":\"Person\",\"@id\":\"https:\/\/www.new-humanity.org\/es\/#\/schema\/person\/684916362421d43cc6c235b2338acee0\",\"name\":\"Melissa\",\"image\":{\"@type\":\"ImageObject\",\"inLanguage\":\"es-ES\",\"@id\":\"https:\/\/www.new-humanity.org\/es\/#\/schema\/person\/image\/\",\"url\":\"https:\/\/secure.gravatar.com\/avatar\/a5818b2135d7f551f240759fb84d964d?s=96&d=mm&r=g\",\"contentUrl\":\"https:\/\/secure.gravatar.com\/avatar\/a5818b2135d7f551f240759fb84d964d?s=96&d=mm&r=g\",\"caption\":\"Melissa\"}}]}<\/script>\n<!-- \/ Yoast SEO plugin. -->","yoast_head_json":{"title":"Pierre Benoit: Un horizonte m\u00e1s amplio | New Humanity","description":"El 19 de julio de 2021 nos dej\u00f3 Pierre Benoit. En el primer aniversario de su muerte, un recuerdo y la gratitud por un gran legado. de Paolo Balduzzi","robots":{"index":"index","follow":"follow","max-snippet":"max-snippet:-1","max-image-preview":"max-image-preview:large","max-video-preview":"max-video-preview:-1"},"canonical":"https:\/\/www.new-humanity.org\/es\/sin-categorizar\/pierre-benoit-un-horizonte-mas-amplio\/","og_locale":"es_ES","og_type":"article","og_title":"Pierre Benoit: Un horizonte m\u00e1s amplio | New Humanity","og_description":"El 19 de julio de 2021 nos dej\u00f3 Pierre Benoit. En el primer aniversario de su muerte, un recuerdo y la gratitud por un gran legado. de Paolo Balduzzi","og_url":"https:\/\/www.new-humanity.org\/es\/sin-categorizar\/pierre-benoit-un-horizonte-mas-amplio\/","og_site_name":"New Humanity","article_published_time":"2022-07-14T13:28:30+00:00","article_modified_time":"2022-07-18T15:04:48+00:00","og_image":[{"width":1776,"height":1153,"url":"https:\/\/www.new-humanity.org\/wp-content\/uploads\/2022\/07\/Pierre-1.jpeg","type":"image\/jpeg"}],"author":"Melissa","twitter_card":"summary_large_image","twitter_misc":{"Written by":"Melissa","Est. reading time":"6 minutes"},"schema":{"@context":"https:\/\/schema.org","@graph":[{"@type":"Article","@id":"https:\/\/www.new-humanity.org\/es\/sin-categorizar\/pierre-benoit-un-horizonte-mas-amplio\/#article","isPartOf":{"@id":"https:\/\/www.new-humanity.org\/es\/sin-categorizar\/pierre-benoit-un-horizonte-mas-amplio\/"},"author":{"name":"Melissa","@id":"https:\/\/www.new-humanity.org\/es\/#\/schema\/person\/684916362421d43cc6c235b2338acee0"},"headline":"Pierre Benoit: Un horizonte m\u00e1s amplio","datePublished":"2022-07-14T13:28:30+00:00","dateModified":"2022-07-18T15:04:48+00:00","mainEntityOfPage":{"@id":"https:\/\/www.new-humanity.org\/es\/sin-categorizar\/pierre-benoit-un-horizonte-mas-amplio\/"},"wordCount":985,"publisher":{"@id":"https:\/\/www.new-humanity.org\/es\/#organization"},"articleSection":["Sin categorizar"],"inLanguage":"es-ES"},{"@type":"WebPage","@id":"https:\/\/www.new-humanity.org\/es\/sin-categorizar\/pierre-benoit-un-horizonte-mas-amplio\/","url":"https:\/\/www.new-humanity.org\/es\/sin-categorizar\/pierre-benoit-un-horizonte-mas-amplio\/","name":"Pierre Benoit: Un horizonte m\u00e1s amplio | New Humanity","isPartOf":{"@id":"https:\/\/www.new-humanity.org\/es\/#website"},"datePublished":"2022-07-14T13:28:30+00:00","dateModified":"2022-07-18T15:04:48+00:00","description":"El 19 de julio de 2021 nos dej\u00f3 Pierre Benoit. En el primer aniversario de su muerte, un recuerdo y la gratitud por un gran legado. de Paolo Balduzzi","breadcrumb":{"@id":"https:\/\/www.new-humanity.org\/es\/sin-categorizar\/pierre-benoit-un-horizonte-mas-amplio\/#breadcrumb"},"inLanguage":"es-ES","potentialAction":[{"@type":"ReadAction","target":["https:\/\/www.new-humanity.org\/es\/sin-categorizar\/pierre-benoit-un-horizonte-mas-amplio\/"]}]},{"@type":"BreadcrumbList","@id":"https:\/\/www.new-humanity.org\/es\/sin-categorizar\/pierre-benoit-un-horizonte-mas-amplio\/#breadcrumb","itemListElement":[{"@type":"ListItem","position":1,"name":"Home","item":"https:\/\/www.new-humanity.org\/es\/"},{"@type":"ListItem","position":2,"name":"Pierre Benoit: Un horizonte m\u00e1s amplio"}]},{"@type":"WebSite","@id":"https:\/\/www.new-humanity.org\/es\/#website","url":"https:\/\/www.new-humanity.org\/es\/","name":"New Humanity","description":"Per un mondo unito","publisher":{"@id":"https:\/\/www.new-humanity.org\/es\/#organization"},"potentialAction":[{"@type":"SearchAction","target":{"@type":"EntryPoint","urlTemplate":"https:\/\/www.new-humanity.org\/es\/?s={search_term_string}"},"query-input":"required name=search_term_string"}],"inLanguage":"es-ES"},{"@type":"Organization","@id":"https:\/\/www.new-humanity.org\/es\/#organization","name":"New Humanity","url":"https:\/\/www.new-humanity.org\/es\/","logo":{"@type":"ImageObject","inLanguage":"es-ES","@id":"https:\/\/www.new-humanity.org\/es\/#\/schema\/logo\/image\/","url":"https:\/\/www.new-humanity.org\/wp-content\/uploads\/2022\/01\/logo.jpg","contentUrl":"https:\/\/www.new-humanity.org\/wp-content\/uploads\/2022\/01\/logo.jpg","width":520,"height":128,"caption":"New Humanity"},"image":{"@id":"https:\/\/www.new-humanity.org\/es\/#\/schema\/logo\/image\/"}},{"@type":"Person","@id":"https:\/\/www.new-humanity.org\/es\/#\/schema\/person\/684916362421d43cc6c235b2338acee0","name":"Melissa","image":{"@type":"ImageObject","inLanguage":"es-ES","@id":"https:\/\/www.new-humanity.org\/es\/#\/schema\/person\/image\/","url":"https:\/\/secure.gravatar.com\/avatar\/a5818b2135d7f551f240759fb84d964d?s=96&d=mm&r=g","contentUrl":"https:\/\/secure.gravatar.com\/avatar\/a5818b2135d7f551f240759fb84d964d?s=96&d=mm&r=g","caption":"Melissa"}}]}},"_links":{"self":[{"href":"https:\/\/www.new-humanity.org\/es\/wp-json\/wp\/v2\/posts\/6038"}],"collection":[{"href":"https:\/\/www.new-humanity.org\/es\/wp-json\/wp\/v2\/posts"}],"about":[{"href":"https:\/\/www.new-humanity.org\/es\/wp-json\/wp\/v2\/types\/post"}],"author":[{"embeddable":true,"href":"https:\/\/www.new-humanity.org\/es\/wp-json\/wp\/v2\/users\/7"}],"replies":[{"embeddable":true,"href":"https:\/\/www.new-humanity.org\/es\/wp-json\/wp\/v2\/comments?post=6038"}],"version-history":[{"count":4,"href":"https:\/\/www.new-humanity.org\/es\/wp-json\/wp\/v2\/posts\/6038\/revisions"}],"predecessor-version":[{"id":6048,"href":"https:\/\/www.new-humanity.org\/es\/wp-json\/wp\/v2\/posts\/6038\/revisions\/6048"}],"wp:featuredmedia":[{"embeddable":true,"href":"https:\/\/www.new-humanity.org\/es\/wp-json\/wp\/v2\/media\/6026"}],"wp:attachment":[{"href":"https:\/\/www.new-humanity.org\/es\/wp-json\/wp\/v2\/media?parent=6038"}],"wp:term":[{"taxonomy":"category","embeddable":true,"href":"https:\/\/www.new-humanity.org\/es\/wp-json\/wp\/v2\/categories?post=6038"},{"taxonomy":"post_tag","embeddable":true,"href":"https:\/\/www.new-humanity.org\/es\/wp-json\/wp\/v2\/tags?post=6038"},{"taxonomy":"ambiti","embeddable":true,"href":"https:\/\/www.new-humanity.org\/es\/wp-json\/wp\/v2\/ambiti?post=6038"},{"taxonomy":"luogo","embeddable":true,"href":"https:\/\/www.new-humanity.org\/es\/wp-json\/wp\/v2\/luogo?post=6038"},{"taxonomy":"progetto","embeddable":true,"href":"https:\/\/www.new-humanity.org\/es\/wp-json\/wp\/v2\/progetto?post=6038"}],"curies":[{"name":"wp","href":"https:\/\/api.w.org\/{rel}","templated":true}]}}