{"id":10335,"date":"2024-12-12T11:02:17","date_gmt":"2024-12-12T10:02:17","guid":{"rendered":"https:\/\/www.new-humanity.org\/?p=10335"},"modified":"2024-12-12T11:16:57","modified_gmt":"2024-12-12T10:16:57","slug":"long-new-humanity-presente-les-propositions-du-genfest-au-forum-mondial-de-lunaoc","status":"publish","type":"post","link":"https:\/\/www.new-humanity.org\/fr\/nations-unies\/long-new-humanity-presente-les-propositions-du-genfest-au-forum-mondial-de-lunaoc\/","title":{"rendered":"L\u2019ONG New Humanity pr\u00e9sente les propositions du GenFest au Forum mondial de l\u2019UNAOC"},"content":{"rendered":"<p><em>\u00ab Ensemble pour Prendre Soin &#8211; Pour notre Famille Humaine et notre Maison Commune \u00bb repr\u00e9sente un engagement des Jeunes pour un Monde Uni envers le Pacte pour le Futur, approuv\u00e9 par les Nations Unies en septembre dernier.<\/em><\/p>\n<p>Dans un monde marqu\u00e9 par les guerres, les crises et la polarisation, le dialogue et la coop\u00e9ration restent les seuls chemins vers la paix. C\u2019est avec cette conviction que l\u2019ONG&nbsp;<a href=\"https:\/\/www.focolare.org\/fr\/long-new-humanity-presente-les-propositions-du-genfest-au-forum-mondial-de-lunaoc\/\">New Humanity<\/a>&nbsp;a rejoint le Forum mondial de l\u2019Alliance des civilisations des Nations unies (UNAOC), qui a r\u00e9uni son Groupe d\u2019Amis \u00e0 Cascais, au Portugal, du 25 au 27 novembre. Sur le th\u00e8me&nbsp;<em>\u00ab Unis dans la paix : restaurer la confiance, redessiner l\u2019avenir \u2013 R\u00e9flexion sur deux d\u00e9cennies de dialogue pour l\u2019humanit\u00e9 \u00bb<\/em>, l\u2019\u00e9v\u00e9nement a rassembl\u00e9 diverses parties prenantes, notamment des chefs religieux, des universitaires, des jeunes, des repr\u00e9sentants des m\u00e9dias et de la soci\u00e9t\u00e9 civile. Parmi les participants de haut niveau figuraient Ant\u00f3nio Guterres, secr\u00e9taire g\u00e9n\u00e9ral des Nations unies, Marcelo Rebelo de Sousa, pr\u00e9sident du Portugal, le roi Felipe d\u2019Espagne et plusieurs ministres des affaires \u00e9trang\u00e8res, actuels et anciens, de pays europ\u00e9ens.<\/p>\n<p>L\u2019ONG New Humanity du Mouvement des Focolari et membre du Conseil consultatif multiconfessionnel de l\u2019UNAOC a soulign\u00e9 l\u2019engagement de l\u2019organisation \u00e0 promouvoir une soci\u00e9t\u00e9 juste et unie, o\u00f9 les religions sont des espaces de rencontre et de collaboration. Enracin\u00e9e dans des d\u00e9cennies d\u2019initiatives locales, New Humanity associe l\u2019action locale \u00e0 la diplomatie internationale pour relever les d\u00e9fis mondiaux et promouvoir la paix. Cette participation a soulign\u00e9 l\u2019importance des efforts multilat\u00e9raux pour restaurer la confiance et redessiner un avenir d\u2019harmonie et de collaboration entre les institutions internationales, les organisations religieuses et le secteur priv\u00e9.<\/p>\n<p class=\"has-vivid-red-color has-text-color has-link-color wp-elements-e36a3ef043e658ce741e4a46e1988a33\"><strong>Notre engagement<\/strong><\/p>\n<p>Au cours du Forum mondial, Ana Clara Giovani et Andr\u00e9 Correia, jeunes repr\u00e9sentants du Mouvement des Focolari, ainsi que Maddalena Maltese, repr\u00e9sentante principale de l\u2019ONG New Humanity \u00e0 New York, ont pr\u00e9sent\u00e9 le document&nbsp;<em>\u00ab Together to Care \u2013 For our human Family and our common home \u00bb<\/em>&nbsp;(Ensemble pour prendre soin \u2013 Pour notre humanit\u00e9 et notre maison commune). Ce document repr\u00e9sente un engagement de la Jeunesse pour un Monde Uni (Y4UW) envers le Pacte pour le Futur, approuv\u00e9 par les Nations Unies en septembre dernier.<\/p>\n<p><img decoding=\"async\" loading=\"lazy\" class=\"size-medium wp-image-10318 alignright\" src=\"https:\/\/www.new-humanity.org\/wp-content\/uploads\/2024\/12\/WhatsApp-Image-2024-12-03-at-10.59.19-300x225.jpeg\" alt=\"\" width=\"300\" height=\"225\" srcset=\"https:\/\/www.new-humanity.org\/wp-content\/uploads\/2024\/12\/WhatsApp-Image-2024-12-03-at-10.59.19-300x225.jpeg 300w, https:\/\/www.new-humanity.org\/wp-content\/uploads\/2024\/12\/WhatsApp-Image-2024-12-03-at-10.59.19-1024x768.jpeg 1024w, https:\/\/www.new-humanity.org\/wp-content\/uploads\/2024\/12\/WhatsApp-Image-2024-12-03-at-10.59.19-768x576.jpeg 768w, https:\/\/www.new-humanity.org\/wp-content\/uploads\/2024\/12\/WhatsApp-Image-2024-12-03-at-10.59.19-1536x1152.jpeg 1536w, https:\/\/www.new-humanity.org\/wp-content\/uploads\/2024\/12\/WhatsApp-Image-2024-12-03-at-10.59.19.jpeg 1600w\" sizes=\"(max-width: 300px) 100vw, 300px\" \/><\/p>\n<p>Lors du&nbsp;<a href=\"https:\/\/www.unitedworldproject.org\/\">Genfest 2024<\/a>, un rassemblement de 4 000 jeunes du monde entier qui s\u2019est tenu au Br\u00e9sil, huit p\u00f4les d\u2019innovation ont \u00e9t\u00e9 lanc\u00e9s pour promouvoir l\u2019unit\u00e9 de la famille humaine et prendre soin de notre maison commune. Les huit Communaut\u00e9s Monde Uni ont consolid\u00e9 et d\u00e9velopp\u00e9 des propositions et des projets inspir\u00e9s par la spiritualit\u00e9 de l\u2019unit\u00e9 du Mouvement des Focolari, conform\u00e9ment aux principes de la D\u00e9claration des Nations Unies sur les Droits de l\u2019Homme et du Pacte des Nations Unies sur les Droits de l\u2019Homme et le Pacte pour le Futur de l\u2019ONU. Ces initiatives se concentrent sur des domaines tels que le d\u00e9veloppement durable, l\u2019action climatique, la promotion de la paix et des droits de l\u2019homme, le dialogue interculturel, la coh\u00e9sion sociale et l\u2019empowerment des jeunes.<\/p>\n<p>Ces projets et propositions constituent le c\u0153ur du document pr\u00e9sent\u00e9 \u00e0 Cascais. Le document s\u2019ouvre sur une lettre adress\u00e9e au Secr\u00e9taire G\u00e9n\u00e9ral des Nations unies, Ant\u00f3nio Guterres, reconnaissant ses efforts inlassables en faveur de la paix et du d\u00e9veloppement durable. Les propositions cl\u00e9s comprennent l\u2019\u00e9tablissement d\u2019un Forum de la jeunesse de haut niveau pour int\u00e9grer les perspectives des jeunes dans le processus de d\u00e9cision mondial et les pr\u00e9parations pour le 80e anniversaire de l\u2019ONU et la COP 30, pr\u00e9sentant des solutions dirig\u00e9es par les jeunes pour la durabilit\u00e9 urbaine et la sant\u00e9 climatique.<\/p>\n<p><img decoding=\"async\" loading=\"lazy\" class=\"size-medium wp-image-10322 alignleft\" src=\"https:\/\/www.new-humanity.org\/wp-content\/uploads\/2024\/12\/WhatsApp-Image-2024-12-03-at-10.59.16-1-300x225.jpeg\" alt=\"\" width=\"300\" height=\"225\" srcset=\"https:\/\/www.new-humanity.org\/wp-content\/uploads\/2024\/12\/WhatsApp-Image-2024-12-03-at-10.59.16-1-300x225.jpeg 300w, https:\/\/www.new-humanity.org\/wp-content\/uploads\/2024\/12\/WhatsApp-Image-2024-12-03-at-10.59.16-1-1024x768.jpeg 1024w, https:\/\/www.new-humanity.org\/wp-content\/uploads\/2024\/12\/WhatsApp-Image-2024-12-03-at-10.59.16-1-768x576.jpeg 768w, https:\/\/www.new-humanity.org\/wp-content\/uploads\/2024\/12\/WhatsApp-Image-2024-12-03-at-10.59.16-1-1536x1152.jpeg 1536w, https:\/\/www.new-humanity.org\/wp-content\/uploads\/2024\/12\/WhatsApp-Image-2024-12-03-at-10.59.16-1.jpeg 1600w\" sizes=\"(max-width: 300px) 100vw, 300px\" \/><\/p>\n<p>Pr\u00e9sent\u00e9 \u00e0 Miguel \u00c1ngel Moratinos, Haut repr\u00e9sentant de l\u2019UNAOC, et \u00e0 Felipe Paullier, Haut repr\u00e9sentant pour les affaires de la jeunesse, le document a re\u00e7u une r\u00e9ponse enthousiaste. Les deux dirigeants ont reconnu les contributions de longue date d\u2019Humanit\u00e9 Nouvelle et ont exprim\u00e9 leur int\u00e9r\u00eat pour une analyse plus approfondie des propositions. Cet engagement souligne le r\u00f4le central de la jeunesse dans l\u2019\u00e9laboration des politiques pour un avenir juste et durable, renfor\u00e7ant ainsi le lien entre l\u2019action de la base et la diplomatie internationale.<\/p>\n<h4 class=\"wp-block-heading has-vivid-red-color has-text-color has-link-color wp-elements-78af31993b86c7b09d435ff52bdfb28d\" style=\"text-align: left;\"><strong>Prochaines \u00e9tapes<\/strong><\/h4>\n<p>Afin d\u2019\u00e9tendre la port\u00e9e et l\u2019efficacit\u00e9 de ce travail, les Ambassadeurs du Monde Uni, un r\u00e9seau de jeunes, joueront un r\u00f4le cl\u00e9 en reliant les initiatives locales aux institutions internationales telles que les Nations Unies, en veillant \u00e0 ce que les actions locales aient une r\u00e9sonance mondiale.<\/p>\n<p>New Humanity poursuit ses efforts et son engagement pour relier les initiatives locales aux organisations concern\u00e9es, poursuivant ainsi sa mission de promotion de la fraternit\u00e9, du dialogue et du d\u00e9veloppement durable. Les relations nou\u00e9es lors du Forum Mondial de l\u2019UNAOC seront d\u00e9terminantes pour renforcer l\u2019impact de nos projets et amplifier les voix des jeunes du monde entier.<\/p>\n<p><em>Pour t\u00e9l\u00e9charger le document, en anglais, cliquez sur l\u2019image<\/em><\/p>\n<p><a href=\"https:\/\/eyut279xk3q.exactdn.com\/wp-content\/uploads\/2024\/12\/Together-to-care-report.pdf\" target=\"_blank\" rel=\"noopener\"><img decoding=\"async\" loading=\"lazy\" class=\"size-medium wp-image-10339 alignleft\" src=\"https:\/\/www.new-humanity.org\/wp-content\/uploads\/2024\/12\/Screenshot-2024-12-12-at-11.15.38-211x300.png\" alt=\"\" width=\"211\" height=\"300\" srcset=\"https:\/\/www.new-humanity.org\/wp-content\/uploads\/2024\/12\/Screenshot-2024-12-12-at-11.15.38-211x300.png 211w, https:\/\/www.new-humanity.org\/wp-content\/uploads\/2024\/12\/Screenshot-2024-12-12-at-11.15.38.png 528w\" sizes=\"(max-width: 211px) 100vw, 211px\" \/><\/a><\/p>\n<p>&nbsp;<\/p>\n<p>&nbsp;<\/p>\n<p>&nbsp;<\/p>\n<p>&nbsp;<\/p>\n<p>&nbsp;<\/p>\n<p>&nbsp;<\/p>\n<p>&nbsp;<\/p>\n<p>&nbsp;<\/p>\n<p class=\"has-text-align-right\"><em>Publi\u00e9 pour la premi\u00e8re fois sur <a href=\"https:\/\/www.focolare.org\/long-new-humanity-presenta-le-proposte-del-genfest-al-forum-globale-dellunaoc\/\" target=\"_blank\" rel=\"noopener\">focolare.org<\/a><\/em><\/p>\n<p>&nbsp;<\/p>\n","protected":false},"excerpt":{"rendered":"<p>\u00ab Ensemble pour Prendre Soin &#8211; Pour notre Famille Humaine et notre Maison Commune \u00bb repr\u00e9sente un engagement des Jeunes pour un Monde Uni envers le Pacte pour le Futur, approuv\u00e9 par les Nations Unies en septembre dernier. Dans un monde marqu\u00e9 par les guerres, les crises et la polarisation, le dialogue et la coop\u00e9ration [&hellip;]<\/p>\n","protected":false},"author":15,"featured_media":10328,"comment_status":"closed","ping_status":"open","sticky":false,"template":"","format":"standard","meta":{"ngg_post_thumbnail":0,"footnotes":""},"categories":[338,344],"tags":[],"ambiti":[231],"luogo":[226,220],"progetto":[411],"acf":[],"yoast_head":"<!-- This site is optimized with the Yoast SEO plugin v21.9.1 - https:\/\/yoast.com\/wordpress\/plugins\/seo\/ -->\n<title>L\u2019ONG New Humanity pr\u00e9sente les propositions du GenFest au Forum mondial de l\u2019UNAOC | New Humanity<\/title>\n<meta name=\"description\" content=\"\u00ab Ensemble pour Prendre Soin - Pour notre Famille Humaine et notre Maison Commune \u00bb repr\u00e9sente un engagement des Jeunes pour un Monde Uni envers le Pacte\" \/>\n<meta name=\"robots\" content=\"index, follow, max-snippet:-1, max-image-preview:large, max-video-preview:-1\" \/>\n<link rel=\"canonical\" href=\"https:\/\/www.new-humanity.org\/fr\/nations-unies\/long-new-humanity-presente-les-propositions-du-genfest-au-forum-mondial-de-lunaoc\/\" \/>\n<meta property=\"og:locale\" content=\"fr_FR\" \/>\n<meta property=\"og:type\" content=\"article\" \/>\n<meta property=\"og:title\" content=\"L\u2019ONG New Humanity pr\u00e9sente les propositions du GenFest au Forum mondial de l\u2019UNAOC | New Humanity\" \/>\n<meta property=\"og:description\" content=\"\u00ab Ensemble pour Prendre Soin - Pour notre Famille Humaine et notre Maison Commune \u00bb repr\u00e9sente un engagement des Jeunes pour un Monde Uni envers le Pacte\" \/>\n<meta property=\"og:url\" content=\"https:\/\/www.new-humanity.org\/fr\/nations-unies\/long-new-humanity-presente-les-propositions-du-genfest-au-forum-mondial-de-lunaoc\/\" \/>\n<meta property=\"og:site_name\" content=\"New Humanity\" \/>\n<meta property=\"article:published_time\" content=\"2024-12-12T10:02:17+00:00\" \/>\n<meta property=\"article:modified_time\" content=\"2024-12-12T10:16:57+00:00\" \/>\n<meta property=\"og:image\" content=\"https:\/\/www.new-humanity.org\/wp-content\/uploads\/2024\/12\/WhatsApp-Image-2024-12-03-at-10.59.16.jpeg\" \/>\n\t<meta property=\"og:image:width\" content=\"1600\" \/>\n\t<meta property=\"og:image:height\" content=\"1200\" \/>\n\t<meta property=\"og:image:type\" content=\"image\/jpeg\" \/>\n<meta name=\"author\" content=\"Ana Clara\" \/>\n<meta name=\"twitter:card\" content=\"summary_large_image\" \/>\n<meta name=\"twitter:label1\" content=\"\u00c9crit par\" \/>\n\t<meta name=\"twitter:data1\" content=\"Ana Clara\" \/>\n\t<meta name=\"twitter:label2\" content=\"Dur\u00e9e de lecture estim\u00e9e\" \/>\n\t<meta name=\"twitter:data2\" content=\"5 minutes\" \/>\n<script type=\"application\/ld+json\" class=\"yoast-schema-graph\">{\"@context\":\"https:\/\/schema.org\",\"@graph\":[{\"@type\":\"Article\",\"@id\":\"https:\/\/www.new-humanity.org\/fr\/nations-unies\/long-new-humanity-presente-les-propositions-du-genfest-au-forum-mondial-de-lunaoc\/#article\",\"isPartOf\":{\"@id\":\"https:\/\/www.new-humanity.org\/fr\/nations-unies\/long-new-humanity-presente-les-propositions-du-genfest-au-forum-mondial-de-lunaoc\/\"},\"author\":{\"name\":\"Ana Clara\",\"@id\":\"https:\/\/www.new-humanity.org\/fr\/#\/schema\/person\/d2b094c50c91a942f9903b5a6c9359ad\"},\"headline\":\"L\u2019ONG New Humanity pr\u00e9sente les propositions du GenFest au Forum mondial de l\u2019UNAOC\",\"datePublished\":\"2024-12-12T10:02:17+00:00\",\"dateModified\":\"2024-12-12T10:16:57+00:00\",\"mainEntityOfPage\":{\"@id\":\"https:\/\/www.new-humanity.org\/fr\/nations-unies\/long-new-humanity-presente-les-propositions-du-genfest-au-forum-mondial-de-lunaoc\/\"},\"wordCount\":911,\"publisher\":{\"@id\":\"https:\/\/www.new-humanity.org\/fr\/#organization\"},\"articleSection\":[\"Jeunes\",\"Nations Unies\"],\"inLanguage\":\"fr-FR\"},{\"@type\":\"WebPage\",\"@id\":\"https:\/\/www.new-humanity.org\/fr\/nations-unies\/long-new-humanity-presente-les-propositions-du-genfest-au-forum-mondial-de-lunaoc\/\",\"url\":\"https:\/\/www.new-humanity.org\/fr\/nations-unies\/long-new-humanity-presente-les-propositions-du-genfest-au-forum-mondial-de-lunaoc\/\",\"name\":\"L\u2019ONG New Humanity pr\u00e9sente les propositions du GenFest au Forum mondial de l\u2019UNAOC | New Humanity\",\"isPartOf\":{\"@id\":\"https:\/\/www.new-humanity.org\/fr\/#website\"},\"datePublished\":\"2024-12-12T10:02:17+00:00\",\"dateModified\":\"2024-12-12T10:16:57+00:00\",\"description\":\"\u00ab Ensemble pour Prendre Soin - Pour notre Famille Humaine et notre Maison Commune \u00bb repr\u00e9sente un engagement des Jeunes pour un Monde Uni envers le Pacte\",\"breadcrumb\":{\"@id\":\"https:\/\/www.new-humanity.org\/fr\/nations-unies\/long-new-humanity-presente-les-propositions-du-genfest-au-forum-mondial-de-lunaoc\/#breadcrumb\"},\"inLanguage\":\"fr-FR\",\"potentialAction\":[{\"@type\":\"ReadAction\",\"target\":[\"https:\/\/www.new-humanity.org\/fr\/nations-unies\/long-new-humanity-presente-les-propositions-du-genfest-au-forum-mondial-de-lunaoc\/\"]}]},{\"@type\":\"BreadcrumbList\",\"@id\":\"https:\/\/www.new-humanity.org\/fr\/nations-unies\/long-new-humanity-presente-les-propositions-du-genfest-au-forum-mondial-de-lunaoc\/#breadcrumb\",\"itemListElement\":[{\"@type\":\"ListItem\",\"position\":1,\"name\":\"Home\",\"item\":\"https:\/\/www.new-humanity.org\/fr\/\"},{\"@type\":\"ListItem\",\"position\":2,\"name\":\"L\u2019ONG New Humanity pr\u00e9sente les propositions du GenFest au Forum mondial de l\u2019UNAOC\"}]},{\"@type\":\"WebSite\",\"@id\":\"https:\/\/www.new-humanity.org\/fr\/#website\",\"url\":\"https:\/\/www.new-humanity.org\/fr\/\",\"name\":\"New Humanity\",\"description\":\"Per un mondo unito\",\"publisher\":{\"@id\":\"https:\/\/www.new-humanity.org\/fr\/#organization\"},\"potentialAction\":[{\"@type\":\"SearchAction\",\"target\":{\"@type\":\"EntryPoint\",\"urlTemplate\":\"https:\/\/www.new-humanity.org\/fr\/?s={search_term_string}\"},\"query-input\":\"required name=search_term_string\"}],\"inLanguage\":\"fr-FR\"},{\"@type\":\"Organization\",\"@id\":\"https:\/\/www.new-humanity.org\/fr\/#organization\",\"name\":\"New Humanity\",\"url\":\"https:\/\/www.new-humanity.org\/fr\/\",\"logo\":{\"@type\":\"ImageObject\",\"inLanguage\":\"fr-FR\",\"@id\":\"https:\/\/www.new-humanity.org\/fr\/#\/schema\/logo\/image\/\",\"url\":\"https:\/\/www.new-humanity.org\/wp-content\/uploads\/2022\/01\/logo.jpg\",\"contentUrl\":\"https:\/\/www.new-humanity.org\/wp-content\/uploads\/2022\/01\/logo.jpg\",\"width\":520,\"height\":128,\"caption\":\"New Humanity\"},\"image\":{\"@id\":\"https:\/\/www.new-humanity.org\/fr\/#\/schema\/logo\/image\/\"}},{\"@type\":\"Person\",\"@id\":\"https:\/\/www.new-humanity.org\/fr\/#\/schema\/person\/d2b094c50c91a942f9903b5a6c9359ad\",\"name\":\"Ana Clara\",\"image\":{\"@type\":\"ImageObject\",\"inLanguage\":\"fr-FR\",\"@id\":\"https:\/\/www.new-humanity.org\/fr\/#\/schema\/person\/image\/\",\"url\":\"https:\/\/secure.gravatar.com\/avatar\/9bc08035bfa6f029408034ac95ddd9b4?s=96&d=mm&r=g\",\"contentUrl\":\"https:\/\/secure.gravatar.com\/avatar\/9bc08035bfa6f029408034ac95ddd9b4?s=96&d=mm&r=g\",\"caption\":\"Ana Clara\"}}]}<\/script>\n<!-- \/ Yoast SEO plugin. -->","yoast_head_json":{"title":"L\u2019ONG New Humanity pr\u00e9sente les propositions du GenFest au Forum mondial de l\u2019UNAOC | New Humanity","description":"\u00ab Ensemble pour Prendre Soin - Pour notre Famille Humaine et notre Maison Commune \u00bb repr\u00e9sente un engagement des Jeunes pour un Monde Uni envers le Pacte","robots":{"index":"index","follow":"follow","max-snippet":"max-snippet:-1","max-image-preview":"max-image-preview:large","max-video-preview":"max-video-preview:-1"},"canonical":"https:\/\/www.new-humanity.org\/fr\/nations-unies\/long-new-humanity-presente-les-propositions-du-genfest-au-forum-mondial-de-lunaoc\/","og_locale":"fr_FR","og_type":"article","og_title":"L\u2019ONG New Humanity pr\u00e9sente les propositions du GenFest au Forum mondial de l\u2019UNAOC | New Humanity","og_description":"\u00ab Ensemble pour Prendre Soin - Pour notre Famille Humaine et notre Maison Commune \u00bb repr\u00e9sente un engagement des Jeunes pour un Monde Uni envers le Pacte","og_url":"https:\/\/www.new-humanity.org\/fr\/nations-unies\/long-new-humanity-presente-les-propositions-du-genfest-au-forum-mondial-de-lunaoc\/","og_site_name":"New Humanity","article_published_time":"2024-12-12T10:02:17+00:00","article_modified_time":"2024-12-12T10:16:57+00:00","og_image":[{"width":1600,"height":1200,"url":"https:\/\/www.new-humanity.org\/wp-content\/uploads\/2024\/12\/WhatsApp-Image-2024-12-03-at-10.59.16.jpeg","type":"image\/jpeg"}],"author":"Ana Clara","twitter_card":"summary_large_image","twitter_misc":{"\u00c9crit par":"Ana Clara","Dur\u00e9e de lecture estim\u00e9e":"5 minutes"},"schema":{"@context":"https:\/\/schema.org","@graph":[{"@type":"Article","@id":"https:\/\/www.new-humanity.org\/fr\/nations-unies\/long-new-humanity-presente-les-propositions-du-genfest-au-forum-mondial-de-lunaoc\/#article","isPartOf":{"@id":"https:\/\/www.new-humanity.org\/fr\/nations-unies\/long-new-humanity-presente-les-propositions-du-genfest-au-forum-mondial-de-lunaoc\/"},"author":{"name":"Ana Clara","@id":"https:\/\/www.new-humanity.org\/fr\/#\/schema\/person\/d2b094c50c91a942f9903b5a6c9359ad"},"headline":"L\u2019ONG New Humanity pr\u00e9sente les propositions du GenFest au Forum mondial de l\u2019UNAOC","datePublished":"2024-12-12T10:02:17+00:00","dateModified":"2024-12-12T10:16:57+00:00","mainEntityOfPage":{"@id":"https:\/\/www.new-humanity.org\/fr\/nations-unies\/long-new-humanity-presente-les-propositions-du-genfest-au-forum-mondial-de-lunaoc\/"},"wordCount":911,"publisher":{"@id":"https:\/\/www.new-humanity.org\/fr\/#organization"},"articleSection":["Jeunes","Nations Unies"],"inLanguage":"fr-FR"},{"@type":"WebPage","@id":"https:\/\/www.new-humanity.org\/fr\/nations-unies\/long-new-humanity-presente-les-propositions-du-genfest-au-forum-mondial-de-lunaoc\/","url":"https:\/\/www.new-humanity.org\/fr\/nations-unies\/long-new-humanity-presente-les-propositions-du-genfest-au-forum-mondial-de-lunaoc\/","name":"L\u2019ONG New Humanity pr\u00e9sente les propositions du GenFest au Forum mondial de l\u2019UNAOC | New Humanity","isPartOf":{"@id":"https:\/\/www.new-humanity.org\/fr\/#website"},"datePublished":"2024-12-12T10:02:17+00:00","dateModified":"2024-12-12T10:16:57+00:00","description":"\u00ab Ensemble pour Prendre Soin - Pour notre Famille Humaine et notre Maison Commune \u00bb repr\u00e9sente un engagement des Jeunes pour un Monde Uni envers le Pacte","breadcrumb":{"@id":"https:\/\/www.new-humanity.org\/fr\/nations-unies\/long-new-humanity-presente-les-propositions-du-genfest-au-forum-mondial-de-lunaoc\/#breadcrumb"},"inLanguage":"fr-FR","potentialAction":[{"@type":"ReadAction","target":["https:\/\/www.new-humanity.org\/fr\/nations-unies\/long-new-humanity-presente-les-propositions-du-genfest-au-forum-mondial-de-lunaoc\/"]}]},{"@type":"BreadcrumbList","@id":"https:\/\/www.new-humanity.org\/fr\/nations-unies\/long-new-humanity-presente-les-propositions-du-genfest-au-forum-mondial-de-lunaoc\/#breadcrumb","itemListElement":[{"@type":"ListItem","position":1,"name":"Home","item":"https:\/\/www.new-humanity.org\/fr\/"},{"@type":"ListItem","position":2,"name":"L\u2019ONG New Humanity pr\u00e9sente les propositions du GenFest au Forum mondial de l\u2019UNAOC"}]},{"@type":"WebSite","@id":"https:\/\/www.new-humanity.org\/fr\/#website","url":"https:\/\/www.new-humanity.org\/fr\/","name":"New Humanity","description":"Per un mondo unito","publisher":{"@id":"https:\/\/www.new-humanity.org\/fr\/#organization"},"potentialAction":[{"@type":"SearchAction","target":{"@type":"EntryPoint","urlTemplate":"https:\/\/www.new-humanity.org\/fr\/?s={search_term_string}"},"query-input":"required name=search_term_string"}],"inLanguage":"fr-FR"},{"@type":"Organization","@id":"https:\/\/www.new-humanity.org\/fr\/#organization","name":"New Humanity","url":"https:\/\/www.new-humanity.org\/fr\/","logo":{"@type":"ImageObject","inLanguage":"fr-FR","@id":"https:\/\/www.new-humanity.org\/fr\/#\/schema\/logo\/image\/","url":"https:\/\/www.new-humanity.org\/wp-content\/uploads\/2022\/01\/logo.jpg","contentUrl":"https:\/\/www.new-humanity.org\/wp-content\/uploads\/2022\/01\/logo.jpg","width":520,"height":128,"caption":"New Humanity"},"image":{"@id":"https:\/\/www.new-humanity.org\/fr\/#\/schema\/logo\/image\/"}},{"@type":"Person","@id":"https:\/\/www.new-humanity.org\/fr\/#\/schema\/person\/d2b094c50c91a942f9903b5a6c9359ad","name":"Ana Clara","image":{"@type":"ImageObject","inLanguage":"fr-FR","@id":"https:\/\/www.new-humanity.org\/fr\/#\/schema\/person\/image\/","url":"https:\/\/secure.gravatar.com\/avatar\/9bc08035bfa6f029408034ac95ddd9b4?s=96&d=mm&r=g","contentUrl":"https:\/\/secure.gravatar.com\/avatar\/9bc08035bfa6f029408034ac95ddd9b4?s=96&d=mm&r=g","caption":"Ana Clara"}}]}},"_links":{"self":[{"href":"https:\/\/www.new-humanity.org\/fr\/wp-json\/wp\/v2\/posts\/10335"}],"collection":[{"href":"https:\/\/www.new-humanity.org\/fr\/wp-json\/wp\/v2\/posts"}],"about":[{"href":"https:\/\/www.new-humanity.org\/fr\/wp-json\/wp\/v2\/types\/post"}],"author":[{"embeddable":true,"href":"https:\/\/www.new-humanity.org\/fr\/wp-json\/wp\/v2\/users\/15"}],"replies":[{"embeddable":true,"href":"https:\/\/www.new-humanity.org\/fr\/wp-json\/wp\/v2\/comments?post=10335"}],"version-history":[{"count":2,"href":"https:\/\/www.new-humanity.org\/fr\/wp-json\/wp\/v2\/posts\/10335\/revisions"}],"predecessor-version":[{"id":10345,"href":"https:\/\/www.new-humanity.org\/fr\/wp-json\/wp\/v2\/posts\/10335\/revisions\/10345"}],"wp:featuredmedia":[{"embeddable":true,"href":"https:\/\/www.new-humanity.org\/fr\/wp-json\/wp\/v2\/media\/10328"}],"wp:attachment":[{"href":"https:\/\/www.new-humanity.org\/fr\/wp-json\/wp\/v2\/media?parent=10335"}],"wp:term":[{"taxonomy":"category","embeddable":true,"href":"https:\/\/www.new-humanity.org\/fr\/wp-json\/wp\/v2\/categories?post=10335"},{"taxonomy":"post_tag","embeddable":true,"href":"https:\/\/www.new-humanity.org\/fr\/wp-json\/wp\/v2\/tags?post=10335"},{"taxonomy":"ambiti","embeddable":true,"href":"https:\/\/www.new-humanity.org\/fr\/wp-json\/wp\/v2\/ambiti?post=10335"},{"taxonomy":"luogo","embeddable":true,"href":"https:\/\/www.new-humanity.org\/fr\/wp-json\/wp\/v2\/luogo?post=10335"},{"taxonomy":"progetto","embeddable":true,"href":"https:\/\/www.new-humanity.org\/fr\/wp-json\/wp\/v2\/progetto?post=10335"}],"curies":[{"name":"wp","href":"https:\/\/api.w.org\/{rel}","templated":true}]}}