{"id":10622,"date":"2025-02-11T16:47:19","date_gmt":"2025-02-11T15:47:19","guid":{"rendered":"https:\/\/www.new-humanity.org\/?p=10622"},"modified":"2025-02-11T16:54:14","modified_gmt":"2025-02-11T15:54:14","slug":"nouveau-parcours-de-formation-service-learning-a-la-lumiere-de-la-philosophie-ubuntu","status":"publish","type":"post","link":"https:\/\/www.new-humanity.org\/fr\/dialogue-fr\/nouveau-parcours-de-formation-service-learning-a-la-lumiere-de-la-philosophie-ubuntu\/","title":{"rendered":"Nouveau parcours de formation : Service Learning \u00e0 la lumi\u00e8re de la philosophie Ubuntu"},"content":{"rendered":"<p class=\"s5\"><em><strong><span class=\"s4\">\u00ab Je suis parce que tu es. Service <\/span><span class=\"s4\">learning<\/span><span class=\"s4\">:<\/span><span class=\"s4\"> formation et dialogue interculturel \u00bb<\/span><\/strong><\/em><\/p>\n<p class=\"s5\"><span class=\"s4\">Dans le cadre des projets <\/span><span class=\"s4\">Afr.E.S.H<\/span><span class=\"s4\">. &#8211; <\/span><span class=\"s4\">Africa<\/span><span class=\"s4\"> and Europe <\/span><span class=\"s4\">Same<\/span><span class=\"s4\"> Horizon et Construire en \u00c9duquant : notre communaut\u00e9 \u00e9ducative solidaire, respectivement financ\u00e9s par la Commission Europ\u00e9enne et <\/span><span class=\"s6\">Impresa<\/span><span class=\"s6\"> Sociale con I <\/span><span class=\"s6\">Bambini<\/span><span class=\"s4\">, <\/span><span class=\"s6\">AMU <\/span><span class=\"s6\">Azione<\/span><span class=\"s6\"> per un <\/span><span class=\"s6\">Mondo<\/span> <span class=\"s6\">Unito<\/span><span class=\"s6\"> ETS<\/span><span class=\"s4\"> propose 4 rencontres de formation en ligne sur l&rsquo;approche p\u00e9dagogique du Service Learning \u00e0 la lumi\u00e8re de la philosophie Ubuntu, qui met l&rsquo;accent sur la valeur de la compassion, des relations humaines et de la vie, comprise comme aide mutuelle.<\/span><\/p>\n<p class=\"s5\"><span class=\"s4\">Les rencontres sont gratuites et ouvertes \u00e0 tous ceux qui souhaitent \u00eatre les acteurs du changement, en partant de la relation interg\u00e9n\u00e9rationnelle, \u00e9thique et attentive aux besoins de l&rsquo;autre et de la communaut\u00e9.<\/span><\/p>\n<p class=\"s11\"><strong><span class=\"s4\">Quand<\/span><span class=\"s4\"> ?<\/span><\/strong><\/p>\n<div class=\"s13\"><span class=\"s12\">\u2022 <\/span><span class=\"s4\">1\u00e8re rencontre : 20 f\u00e9vrier 2025, de 18h \u00e0 20h <\/span><\/div>\n<div class=\"s13\"><span class=\"s12\">\u2022 <\/span><span class=\"s4\">2\u00e8me rencontre : 27 f\u00e9vrier 2025, de 18h \u00e0 20h <\/span><\/div>\n<div class=\"s13\"><span class=\"s12\">\u2022 <\/span><span class=\"s4\">3\u00e8me <\/span><span class=\"s4\">rencontre<\/span><span class=\"s4\"> :<\/span><span class=\"s4\"> 1<\/span><span class=\"s4\">3<\/span> <span class=\"s4\">mars<\/span><span class=\"s4\"> 2025, de 18h \u00e0 20h <\/span><\/div>\n<div class=\"s13\"><span class=\"s12\">\u2022 <\/span><span class=\"s4\">4\u00e8me <\/span><span class=\"s4\">rencontre<\/span><span class=\"s4\"> :<\/span><span class=\"s4\"> 27 <\/span><span class=\"s4\">mars<\/span><span class=\"s4\"> 2025, de 18h \u00e0 20h<\/span><\/div>\n<p class=\"s5\"><span class=\"s4\">Pour s&rsquo;inscrire (avant le 15 f\u00e9vrier) : <\/span><a href=\"https:\/\/docs.google.com\/forms\/d\/e\/1FAIpQLSdRa3jVK7x-UpKGb_tGQ-yJ8JWlVdxkTIUsfHHaYBIyP2qyWQ\/viewform\"><span class=\"s10\">https:\/\/docs.google.com\/forms\/d\/e\/1FAIpQLSdRa3jVK7x-UpKGb_tGQ-yJ8JWlVdxkTIUsfHHaYBIyP2qyWQ\/viewform<\/span><\/a><\/p>\n<p class=\"s14\"><span class=\"s4\">Apr\u00e8s l\u2019inscription, un lien Zoom sera envoy\u00e9 <\/span><span class=\"s4\">aux personnes inscrites<\/span><span class=\"s4\">.<\/span><span class=\"s4\"><br \/>\n<\/span><span class=\"s4\">*Sur demande, un <\/span><span class=\"s4\">certificat<\/span><span class=\"s4\"> de <\/span><span class=\"s4\">participation<\/span> <span class=\"s4\">pourra<\/span> <span class=\"s4\">\u00eatre<\/span> <span class=\"s4\">d\u00e9livr\u00e9<\/span><span class=\"s4\">.<\/span><\/p>\n<p class=\"s5\"><img decoding=\"async\" loading=\"lazy\" class=\"aligncenter wp-image-10623 size-full\" src=\"https:\/\/www.new-humanity.org\/wp-content\/uploads\/2025\/02\/FR_Service-learning-scaled.jpg\" alt=\"\" width=\"1921\" height=\"2560\" srcset=\"https:\/\/www.new-humanity.org\/wp-content\/uploads\/2025\/02\/FR_Service-learning-scaled.jpg 1921w, https:\/\/www.new-humanity.org\/wp-content\/uploads\/2025\/02\/FR_Service-learning-225x300.jpg 225w, https:\/\/www.new-humanity.org\/wp-content\/uploads\/2025\/02\/FR_Service-learning-769x1024.jpg 769w, https:\/\/www.new-humanity.org\/wp-content\/uploads\/2025\/02\/FR_Service-learning-768x1023.jpg 768w, https:\/\/www.new-humanity.org\/wp-content\/uploads\/2025\/02\/FR_Service-learning-1153x1536.jpg 1153w, https:\/\/www.new-humanity.org\/wp-content\/uploads\/2025\/02\/FR_Service-learning-1537x2048.jpg 1537w\" sizes=\"(max-width: 1921px) 100vw, 1921px\" \/><\/p>\n","protected":false},"excerpt":{"rendered":"<p>\u00ab Je suis parce que tu es. Service learning: formation et dialogue interculturel \u00bb Dans le cadre des projets Afr.E.S.H. &#8211; Africa and Europe Same Horizon et Construire en \u00c9duquant : notre communaut\u00e9 \u00e9ducative solidaire, respectivement financ\u00e9s par la Commission Europ\u00e9enne et Impresa Sociale con I Bambini, AMU Azione per un Mondo Unito ETS propose [&hellip;]<\/p>\n","protected":false},"author":15,"featured_media":10628,"comment_status":"closed","ping_status":"open","sticky":false,"template":"","format":"standard","meta":{"ngg_post_thumbnail":0,"footnotes":""},"categories":[331,350],"tags":[],"ambiti":[231],"luogo":[],"progetto":[431],"acf":[],"yoast_head":"<!-- This site is optimized with the Yoast SEO plugin v21.9.1 - https:\/\/yoast.com\/wordpress\/plugins\/seo\/ -->\n<title>Nouveau parcours de formation : Service Learning \u00e0 la lumi\u00e8re de la philosophie Ubuntu | New Humanity<\/title>\n<meta name=\"description\" content=\"\u00ab Je suis parce que tu es. Service learning: formation et dialogue interculturel \u00bb Dans le cadre des projets Afr.E.S.H. - Africa and Europe Same Horizon\" \/>\n<meta name=\"robots\" content=\"index, follow, max-snippet:-1, max-image-preview:large, max-video-preview:-1\" \/>\n<link rel=\"canonical\" href=\"https:\/\/www.new-humanity.org\/fr\/dialogue-fr\/nouveau-parcours-de-formation-service-learning-a-la-lumiere-de-la-philosophie-ubuntu\/\" \/>\n<meta property=\"og:locale\" content=\"fr_FR\" \/>\n<meta property=\"og:type\" content=\"article\" \/>\n<meta property=\"og:title\" content=\"Nouveau parcours de formation : Service Learning \u00e0 la lumi\u00e8re de la philosophie Ubuntu | New Humanity\" \/>\n<meta property=\"og:description\" content=\"\u00ab Je suis parce que tu es. Service learning: formation et dialogue interculturel \u00bb Dans le cadre des projets Afr.E.S.H. - Africa and Europe Same Horizon\" \/>\n<meta property=\"og:url\" content=\"https:\/\/www.new-humanity.org\/fr\/dialogue-fr\/nouveau-parcours-de-formation-service-learning-a-la-lumiere-de-la-philosophie-ubuntu\/\" \/>\n<meta property=\"og:site_name\" content=\"New Humanity\" \/>\n<meta property=\"article:published_time\" content=\"2025-02-11T15:47:19+00:00\" \/>\n<meta property=\"article:modified_time\" content=\"2025-02-11T15:54:14+00:00\" \/>\n<meta property=\"og:image\" content=\"https:\/\/www.new-humanity.org\/wp-content\/uploads\/2025\/02\/Screenshot-2025-02-11-at-16.53.11.png\" \/>\n\t<meta property=\"og:image:width\" content=\"810\" \/>\n\t<meta property=\"og:image:height\" content=\"584\" \/>\n\t<meta property=\"og:image:type\" content=\"image\/png\" \/>\n<meta name=\"author\" content=\"Ana Clara\" \/>\n<meta name=\"twitter:card\" content=\"summary_large_image\" \/>\n<meta name=\"twitter:label1\" content=\"\u00c9crit par\" \/>\n\t<meta name=\"twitter:data1\" content=\"Ana Clara\" \/>\n\t<meta name=\"twitter:label2\" content=\"Dur\u00e9e de lecture estim\u00e9e\" \/>\n\t<meta name=\"twitter:data2\" content=\"2 minutes\" \/>\n<script type=\"application\/ld+json\" class=\"yoast-schema-graph\">{\"@context\":\"https:\/\/schema.org\",\"@graph\":[{\"@type\":\"Article\",\"@id\":\"https:\/\/www.new-humanity.org\/fr\/dialogue-fr\/nouveau-parcours-de-formation-service-learning-a-la-lumiere-de-la-philosophie-ubuntu\/#article\",\"isPartOf\":{\"@id\":\"https:\/\/www.new-humanity.org\/fr\/dialogue-fr\/nouveau-parcours-de-formation-service-learning-a-la-lumiere-de-la-philosophie-ubuntu\/\"},\"author\":{\"name\":\"Ana Clara\",\"@id\":\"https:\/\/www.new-humanity.org\/fr\/#\/schema\/person\/d2b094c50c91a942f9903b5a6c9359ad\"},\"headline\":\"Nouveau parcours de formation : Service Learning \u00e0 la lumi\u00e8re de la philosophie Ubuntu\",\"datePublished\":\"2025-02-11T15:47:19+00:00\",\"dateModified\":\"2025-02-11T15:54:14+00:00\",\"mainEntityOfPage\":{\"@id\":\"https:\/\/www.new-humanity.org\/fr\/dialogue-fr\/nouveau-parcours-de-formation-service-learning-a-la-lumiere-de-la-philosophie-ubuntu\/\"},\"wordCount\":212,\"publisher\":{\"@id\":\"https:\/\/www.new-humanity.org\/fr\/#organization\"},\"articleSection\":[\"Dialogue\",\"Formation dans une culture d\u2019unit\u00e9\"],\"inLanguage\":\"fr-FR\"},{\"@type\":\"WebPage\",\"@id\":\"https:\/\/www.new-humanity.org\/fr\/dialogue-fr\/nouveau-parcours-de-formation-service-learning-a-la-lumiere-de-la-philosophie-ubuntu\/\",\"url\":\"https:\/\/www.new-humanity.org\/fr\/dialogue-fr\/nouveau-parcours-de-formation-service-learning-a-la-lumiere-de-la-philosophie-ubuntu\/\",\"name\":\"Nouveau parcours de formation : Service Learning \u00e0 la lumi\u00e8re de la philosophie Ubuntu | New Humanity\",\"isPartOf\":{\"@id\":\"https:\/\/www.new-humanity.org\/fr\/#website\"},\"datePublished\":\"2025-02-11T15:47:19+00:00\",\"dateModified\":\"2025-02-11T15:54:14+00:00\",\"description\":\"\u00ab Je suis parce que tu es. Service learning: formation et dialogue interculturel \u00bb Dans le cadre des projets Afr.E.S.H. - Africa and Europe Same Horizon\",\"breadcrumb\":{\"@id\":\"https:\/\/www.new-humanity.org\/fr\/dialogue-fr\/nouveau-parcours-de-formation-service-learning-a-la-lumiere-de-la-philosophie-ubuntu\/#breadcrumb\"},\"inLanguage\":\"fr-FR\",\"potentialAction\":[{\"@type\":\"ReadAction\",\"target\":[\"https:\/\/www.new-humanity.org\/fr\/dialogue-fr\/nouveau-parcours-de-formation-service-learning-a-la-lumiere-de-la-philosophie-ubuntu\/\"]}]},{\"@type\":\"BreadcrumbList\",\"@id\":\"https:\/\/www.new-humanity.org\/fr\/dialogue-fr\/nouveau-parcours-de-formation-service-learning-a-la-lumiere-de-la-philosophie-ubuntu\/#breadcrumb\",\"itemListElement\":[{\"@type\":\"ListItem\",\"position\":1,\"name\":\"Home\",\"item\":\"https:\/\/www.new-humanity.org\/fr\/\"},{\"@type\":\"ListItem\",\"position\":2,\"name\":\"Nouveau parcours de formation : Service Learning \u00e0 la lumi\u00e8re de la philosophie Ubuntu\"}]},{\"@type\":\"WebSite\",\"@id\":\"https:\/\/www.new-humanity.org\/fr\/#website\",\"url\":\"https:\/\/www.new-humanity.org\/fr\/\",\"name\":\"New Humanity\",\"description\":\"Per un mondo unito\",\"publisher\":{\"@id\":\"https:\/\/www.new-humanity.org\/fr\/#organization\"},\"potentialAction\":[{\"@type\":\"SearchAction\",\"target\":{\"@type\":\"EntryPoint\",\"urlTemplate\":\"https:\/\/www.new-humanity.org\/fr\/?s={search_term_string}\"},\"query-input\":\"required name=search_term_string\"}],\"inLanguage\":\"fr-FR\"},{\"@type\":\"Organization\",\"@id\":\"https:\/\/www.new-humanity.org\/fr\/#organization\",\"name\":\"New Humanity\",\"url\":\"https:\/\/www.new-humanity.org\/fr\/\",\"logo\":{\"@type\":\"ImageObject\",\"inLanguage\":\"fr-FR\",\"@id\":\"https:\/\/www.new-humanity.org\/fr\/#\/schema\/logo\/image\/\",\"url\":\"https:\/\/www.new-humanity.org\/wp-content\/uploads\/2022\/01\/logo.jpg\",\"contentUrl\":\"https:\/\/www.new-humanity.org\/wp-content\/uploads\/2022\/01\/logo.jpg\",\"width\":520,\"height\":128,\"caption\":\"New Humanity\"},\"image\":{\"@id\":\"https:\/\/www.new-humanity.org\/fr\/#\/schema\/logo\/image\/\"}},{\"@type\":\"Person\",\"@id\":\"https:\/\/www.new-humanity.org\/fr\/#\/schema\/person\/d2b094c50c91a942f9903b5a6c9359ad\",\"name\":\"Ana Clara\",\"image\":{\"@type\":\"ImageObject\",\"inLanguage\":\"fr-FR\",\"@id\":\"https:\/\/www.new-humanity.org\/fr\/#\/schema\/person\/image\/\",\"url\":\"https:\/\/secure.gravatar.com\/avatar\/9bc08035bfa6f029408034ac95ddd9b4?s=96&d=mm&r=g\",\"contentUrl\":\"https:\/\/secure.gravatar.com\/avatar\/9bc08035bfa6f029408034ac95ddd9b4?s=96&d=mm&r=g\",\"caption\":\"Ana Clara\"}}]}<\/script>\n<!-- \/ Yoast SEO plugin. -->","yoast_head_json":{"title":"Nouveau parcours de formation : Service Learning \u00e0 la lumi\u00e8re de la philosophie Ubuntu | New Humanity","description":"\u00ab Je suis parce que tu es. Service learning: formation et dialogue interculturel \u00bb Dans le cadre des projets Afr.E.S.H. - Africa and Europe Same Horizon","robots":{"index":"index","follow":"follow","max-snippet":"max-snippet:-1","max-image-preview":"max-image-preview:large","max-video-preview":"max-video-preview:-1"},"canonical":"https:\/\/www.new-humanity.org\/fr\/dialogue-fr\/nouveau-parcours-de-formation-service-learning-a-la-lumiere-de-la-philosophie-ubuntu\/","og_locale":"fr_FR","og_type":"article","og_title":"Nouveau parcours de formation : Service Learning \u00e0 la lumi\u00e8re de la philosophie Ubuntu | New Humanity","og_description":"\u00ab Je suis parce que tu es. Service learning: formation et dialogue interculturel \u00bb Dans le cadre des projets Afr.E.S.H. - Africa and Europe Same Horizon","og_url":"https:\/\/www.new-humanity.org\/fr\/dialogue-fr\/nouveau-parcours-de-formation-service-learning-a-la-lumiere-de-la-philosophie-ubuntu\/","og_site_name":"New Humanity","article_published_time":"2025-02-11T15:47:19+00:00","article_modified_time":"2025-02-11T15:54:14+00:00","og_image":[{"width":810,"height":584,"url":"https:\/\/www.new-humanity.org\/wp-content\/uploads\/2025\/02\/Screenshot-2025-02-11-at-16.53.11.png","type":"image\/png"}],"author":"Ana Clara","twitter_card":"summary_large_image","twitter_misc":{"\u00c9crit par":"Ana Clara","Dur\u00e9e de lecture estim\u00e9e":"2 minutes"},"schema":{"@context":"https:\/\/schema.org","@graph":[{"@type":"Article","@id":"https:\/\/www.new-humanity.org\/fr\/dialogue-fr\/nouveau-parcours-de-formation-service-learning-a-la-lumiere-de-la-philosophie-ubuntu\/#article","isPartOf":{"@id":"https:\/\/www.new-humanity.org\/fr\/dialogue-fr\/nouveau-parcours-de-formation-service-learning-a-la-lumiere-de-la-philosophie-ubuntu\/"},"author":{"name":"Ana Clara","@id":"https:\/\/www.new-humanity.org\/fr\/#\/schema\/person\/d2b094c50c91a942f9903b5a6c9359ad"},"headline":"Nouveau parcours de formation : Service Learning \u00e0 la lumi\u00e8re de la philosophie Ubuntu","datePublished":"2025-02-11T15:47:19+00:00","dateModified":"2025-02-11T15:54:14+00:00","mainEntityOfPage":{"@id":"https:\/\/www.new-humanity.org\/fr\/dialogue-fr\/nouveau-parcours-de-formation-service-learning-a-la-lumiere-de-la-philosophie-ubuntu\/"},"wordCount":212,"publisher":{"@id":"https:\/\/www.new-humanity.org\/fr\/#organization"},"articleSection":["Dialogue","Formation dans une culture d\u2019unit\u00e9"],"inLanguage":"fr-FR"},{"@type":"WebPage","@id":"https:\/\/www.new-humanity.org\/fr\/dialogue-fr\/nouveau-parcours-de-formation-service-learning-a-la-lumiere-de-la-philosophie-ubuntu\/","url":"https:\/\/www.new-humanity.org\/fr\/dialogue-fr\/nouveau-parcours-de-formation-service-learning-a-la-lumiere-de-la-philosophie-ubuntu\/","name":"Nouveau parcours de formation : Service Learning \u00e0 la lumi\u00e8re de la philosophie Ubuntu | New Humanity","isPartOf":{"@id":"https:\/\/www.new-humanity.org\/fr\/#website"},"datePublished":"2025-02-11T15:47:19+00:00","dateModified":"2025-02-11T15:54:14+00:00","description":"\u00ab Je suis parce que tu es. Service learning: formation et dialogue interculturel \u00bb Dans le cadre des projets Afr.E.S.H. - Africa and Europe Same Horizon","breadcrumb":{"@id":"https:\/\/www.new-humanity.org\/fr\/dialogue-fr\/nouveau-parcours-de-formation-service-learning-a-la-lumiere-de-la-philosophie-ubuntu\/#breadcrumb"},"inLanguage":"fr-FR","potentialAction":[{"@type":"ReadAction","target":["https:\/\/www.new-humanity.org\/fr\/dialogue-fr\/nouveau-parcours-de-formation-service-learning-a-la-lumiere-de-la-philosophie-ubuntu\/"]}]},{"@type":"BreadcrumbList","@id":"https:\/\/www.new-humanity.org\/fr\/dialogue-fr\/nouveau-parcours-de-formation-service-learning-a-la-lumiere-de-la-philosophie-ubuntu\/#breadcrumb","itemListElement":[{"@type":"ListItem","position":1,"name":"Home","item":"https:\/\/www.new-humanity.org\/fr\/"},{"@type":"ListItem","position":2,"name":"Nouveau parcours de formation : Service Learning \u00e0 la lumi\u00e8re de la philosophie Ubuntu"}]},{"@type":"WebSite","@id":"https:\/\/www.new-humanity.org\/fr\/#website","url":"https:\/\/www.new-humanity.org\/fr\/","name":"New Humanity","description":"Per un mondo unito","publisher":{"@id":"https:\/\/www.new-humanity.org\/fr\/#organization"},"potentialAction":[{"@type":"SearchAction","target":{"@type":"EntryPoint","urlTemplate":"https:\/\/www.new-humanity.org\/fr\/?s={search_term_string}"},"query-input":"required name=search_term_string"}],"inLanguage":"fr-FR"},{"@type":"Organization","@id":"https:\/\/www.new-humanity.org\/fr\/#organization","name":"New Humanity","url":"https:\/\/www.new-humanity.org\/fr\/","logo":{"@type":"ImageObject","inLanguage":"fr-FR","@id":"https:\/\/www.new-humanity.org\/fr\/#\/schema\/logo\/image\/","url":"https:\/\/www.new-humanity.org\/wp-content\/uploads\/2022\/01\/logo.jpg","contentUrl":"https:\/\/www.new-humanity.org\/wp-content\/uploads\/2022\/01\/logo.jpg","width":520,"height":128,"caption":"New Humanity"},"image":{"@id":"https:\/\/www.new-humanity.org\/fr\/#\/schema\/logo\/image\/"}},{"@type":"Person","@id":"https:\/\/www.new-humanity.org\/fr\/#\/schema\/person\/d2b094c50c91a942f9903b5a6c9359ad","name":"Ana Clara","image":{"@type":"ImageObject","inLanguage":"fr-FR","@id":"https:\/\/www.new-humanity.org\/fr\/#\/schema\/person\/image\/","url":"https:\/\/secure.gravatar.com\/avatar\/9bc08035bfa6f029408034ac95ddd9b4?s=96&d=mm&r=g","contentUrl":"https:\/\/secure.gravatar.com\/avatar\/9bc08035bfa6f029408034ac95ddd9b4?s=96&d=mm&r=g","caption":"Ana Clara"}}]}},"_links":{"self":[{"href":"https:\/\/www.new-humanity.org\/fr\/wp-json\/wp\/v2\/posts\/10622"}],"collection":[{"href":"https:\/\/www.new-humanity.org\/fr\/wp-json\/wp\/v2\/posts"}],"about":[{"href":"https:\/\/www.new-humanity.org\/fr\/wp-json\/wp\/v2\/types\/post"}],"author":[{"embeddable":true,"href":"https:\/\/www.new-humanity.org\/fr\/wp-json\/wp\/v2\/users\/15"}],"replies":[{"embeddable":true,"href":"https:\/\/www.new-humanity.org\/fr\/wp-json\/wp\/v2\/comments?post=10622"}],"version-history":[{"count":1,"href":"https:\/\/www.new-humanity.org\/fr\/wp-json\/wp\/v2\/posts\/10622\/revisions"}],"predecessor-version":[{"id":10627,"href":"https:\/\/www.new-humanity.org\/fr\/wp-json\/wp\/v2\/posts\/10622\/revisions\/10627"}],"wp:featuredmedia":[{"embeddable":true,"href":"https:\/\/www.new-humanity.org\/fr\/wp-json\/wp\/v2\/media\/10628"}],"wp:attachment":[{"href":"https:\/\/www.new-humanity.org\/fr\/wp-json\/wp\/v2\/media?parent=10622"}],"wp:term":[{"taxonomy":"category","embeddable":true,"href":"https:\/\/www.new-humanity.org\/fr\/wp-json\/wp\/v2\/categories?post=10622"},{"taxonomy":"post_tag","embeddable":true,"href":"https:\/\/www.new-humanity.org\/fr\/wp-json\/wp\/v2\/tags?post=10622"},{"taxonomy":"ambiti","embeddable":true,"href":"https:\/\/www.new-humanity.org\/fr\/wp-json\/wp\/v2\/ambiti?post=10622"},{"taxonomy":"luogo","embeddable":true,"href":"https:\/\/www.new-humanity.org\/fr\/wp-json\/wp\/v2\/luogo?post=10622"},{"taxonomy":"progetto","embeddable":true,"href":"https:\/\/www.new-humanity.org\/fr\/wp-json\/wp\/v2\/progetto?post=10622"}],"curies":[{"name":"wp","href":"https:\/\/api.w.org\/{rel}","templated":true}]}}