{"id":2370,"date":"2014-05-19T15:56:17","date_gmt":"2014-05-19T13:56:17","guid":{"rendered":"http:\/\/www.new-humanity.org\/es-fr-pt\/geneve-new-humanity-presente-un-expose-orale-au-collque-l-enfant-et-la-religion\/"},"modified":"2014-09-20T19:07:35","modified_gmt":"2014-09-20T17:07:35","slug":"geneve-new-humanity-presente-un-expose-orale-au-collque-l-enfant-et-la-religion","status":"publish","type":"post","link":"https:\/\/www.new-humanity.org\/fr\/non-classifiee\/geneve-new-humanity-presente-un-expose-orale-au-collque-l-enfant-et-la-religion\/","title":{"rendered":"Gen\u00e8ve: New Humanity pr\u00e9sente un expos\u00e9 orale au Collque \u00ab\u00a0L&rsquo;Enfant et la Religion\u00a0\u00bb"},"content":{"rendered":"<h1>L&rsquo;Enfant et la Religion<\/h1>\n<h2>Gen\u00e8ve, 18 septembre 2014<\/h2>\n<p>PendanT le Collque sur \u00ab\u00a0L&rsquo;Enfant et la Religion\u00a0\u00bb, <strong>M. Jorge Dias Ferreira<\/strong>, repr\u00e9sentant permanent de New Humanity \u00e0 l&rsquo;ONU a pr\u00e9sent\u00e9 un expos\u00e9 orale sur le th\u00e9me: <a href=\"index.php?option=com_docman&amp;view=document&amp;alias=129-les-buts-de-l-\u00e9ducation-dans-la-convention-des-droits-de-l-enfant-un-regard-p\u00e9dagogique&amp;category_slug=famille-et-\u00e9ducation&amp;Itemid=108&amp;lang=fr\" class=\"doclink\">Les buts de l&rsquo;\u00e9ducation dans la Convention des droits de l&rsquo;enfant: un regard p\u00e9dagogique<\/a>.<\/p>\n<p>Lire l&rsquo;article complet \u00e0 propos de cet \u00e9v\u00e8nement dans la section en Anglais de ce site (cliquez sur le drapeau en haut \u00e0 gauche)<\/p>\n","protected":false},"excerpt":{"rendered":"<p>L&rsquo;Enfant et la Religion Gen\u00e8ve, 18 septembre 2014 PendanT le Collque sur \u00ab\u00a0L&rsquo;Enfant et la Religion\u00a0\u00bb, M. Jorge Dias Ferreira, repr\u00e9sentant permanent de New Humanity \u00e0 l&rsquo;ONU a pr\u00e9sent\u00e9 un expos\u00e9 orale sur le th\u00e9me: Les buts de l&rsquo;\u00e9ducation dans la Convention des droits de l&rsquo;enfant: un regard p\u00e9dagogique. Lire l&rsquo;article complet \u00e0 propos de [&hellip;]<\/p>\n","protected":false},"author":1,"featured_media":2367,"comment_status":"closed","ping_status":"open","sticky":false,"template":"","format":"standard","meta":{"ngg_post_thumbnail":0,"footnotes":""},"categories":[37],"tags":[],"ambiti":[],"luogo":[],"progetto":[],"acf":[],"yoast_head":"<!-- This site is optimized with the Yoast SEO plugin v21.9.1 - https:\/\/yoast.com\/wordpress\/plugins\/seo\/ -->\n<title>Gen\u00e8ve: New Humanity pr\u00e9sente un expos\u00e9 orale au Collque &quot;L&#039;Enfant et la Religion&quot; | New Humanity<\/title>\n<meta name=\"description\" content=\"L&#039;Enfant et la Religion Gen\u00e8ve, 18 septembre 2014 PendanT le Collque sur &quot;L&#039;Enfant et la Religion&quot;, M. Jorge Dias Ferreira, repr\u00e9sentant permanent de New\" \/>\n<meta name=\"robots\" content=\"index, follow, max-snippet:-1, max-image-preview:large, max-video-preview:-1\" \/>\n<link rel=\"canonical\" href=\"https:\/\/www.new-humanity.org\/fr\/non-classifiee\/geneve-new-humanity-presente-un-expose-orale-au-collque-l-enfant-et-la-religion\/\" \/>\n<meta property=\"og:locale\" content=\"fr_FR\" \/>\n<meta property=\"og:type\" content=\"article\" \/>\n<meta property=\"og:title\" content=\"Gen\u00e8ve: New Humanity pr\u00e9sente un expos\u00e9 orale au Collque &quot;L&#039;Enfant et la Religion&quot; | New Humanity\" \/>\n<meta property=\"og:description\" content=\"L&#039;Enfant et la Religion Gen\u00e8ve, 18 septembre 2014 PendanT le Collque sur &quot;L&#039;Enfant et la Religion&quot;, M. Jorge Dias Ferreira, repr\u00e9sentant permanent de New\" \/>\n<meta property=\"og:url\" content=\"https:\/\/www.new-humanity.org\/fr\/non-classifiee\/geneve-new-humanity-presente-un-expose-orale-au-collque-l-enfant-et-la-religion\/\" \/>\n<meta property=\"og:site_name\" content=\"New Humanity\" \/>\n<meta property=\"article:published_time\" content=\"2014-05-19T13:56:17+00:00\" \/>\n<meta property=\"article:modified_time\" content=\"2014-09-20T17:07:35+00:00\" \/>\n<meta property=\"og:image\" content=\"https:\/\/www.new-humanity.org\/wp-content\/uploads\/2014\/09\/images_Geneve_20140918_bambino_religione.jpg\" \/>\n\t<meta property=\"og:image:width\" content=\"320\" \/>\n\t<meta property=\"og:image:height\" content=\"240\" \/>\n\t<meta property=\"og:image:type\" content=\"image\/jpeg\" \/>\n<meta name=\"author\" content=\"admin\" \/>\n<meta name=\"twitter:card\" content=\"summary_large_image\" \/>\n<meta name=\"twitter:label1\" content=\"\u00c9crit par\" \/>\n\t<meta name=\"twitter:data1\" content=\"admin\" \/>\n<script type=\"application\/ld+json\" class=\"yoast-schema-graph\">{\"@context\":\"https:\/\/schema.org\",\"@graph\":[{\"@type\":\"Article\",\"@id\":\"https:\/\/www.new-humanity.org\/fr\/non-classifiee\/geneve-new-humanity-presente-un-expose-orale-au-collque-l-enfant-et-la-religion\/#article\",\"isPartOf\":{\"@id\":\"https:\/\/www.new-humanity.org\/fr\/non-classifiee\/geneve-new-humanity-presente-un-expose-orale-au-collque-l-enfant-et-la-religion\/\"},\"author\":{\"name\":\"admin\",\"@id\":\"https:\/\/www.new-humanity.org\/fr\/#\/schema\/person\/bf7692a3102947a81983fb61ca44345e\"},\"headline\":\"Gen\u00e8ve: New Humanity pr\u00e9sente un expos\u00e9 orale au Collque \u00ab\u00a0L&rsquo;Enfant et la Religion\u00a0\u00bb\",\"datePublished\":\"2014-05-19T13:56:17+00:00\",\"dateModified\":\"2014-09-20T17:07:35+00:00\",\"mainEntityOfPage\":{\"@id\":\"https:\/\/www.new-humanity.org\/fr\/non-classifiee\/geneve-new-humanity-presente-un-expose-orale-au-collque-l-enfant-et-la-religion\/\"},\"wordCount\":90,\"publisher\":{\"@id\":\"https:\/\/www.new-humanity.org\/fr\/#organization\"},\"articleSection\":[\"Non classifi\u00e9(e)\"],\"inLanguage\":\"fr-FR\"},{\"@type\":\"WebPage\",\"@id\":\"https:\/\/www.new-humanity.org\/fr\/non-classifiee\/geneve-new-humanity-presente-un-expose-orale-au-collque-l-enfant-et-la-religion\/\",\"url\":\"https:\/\/www.new-humanity.org\/fr\/non-classifiee\/geneve-new-humanity-presente-un-expose-orale-au-collque-l-enfant-et-la-religion\/\",\"name\":\"Gen\u00e8ve: New Humanity pr\u00e9sente un expos\u00e9 orale au Collque \\\"L'Enfant et la Religion\\\" | New Humanity\",\"isPartOf\":{\"@id\":\"https:\/\/www.new-humanity.org\/fr\/#website\"},\"datePublished\":\"2014-05-19T13:56:17+00:00\",\"dateModified\":\"2014-09-20T17:07:35+00:00\",\"description\":\"L'Enfant et la Religion Gen\u00e8ve, 18 septembre 2014 PendanT le Collque sur \\\"L'Enfant et la Religion\\\", M. Jorge Dias Ferreira, repr\u00e9sentant permanent de New\",\"breadcrumb\":{\"@id\":\"https:\/\/www.new-humanity.org\/fr\/non-classifiee\/geneve-new-humanity-presente-un-expose-orale-au-collque-l-enfant-et-la-religion\/#breadcrumb\"},\"inLanguage\":\"fr-FR\",\"potentialAction\":[{\"@type\":\"ReadAction\",\"target\":[\"https:\/\/www.new-humanity.org\/fr\/non-classifiee\/geneve-new-humanity-presente-un-expose-orale-au-collque-l-enfant-et-la-religion\/\"]}]},{\"@type\":\"BreadcrumbList\",\"@id\":\"https:\/\/www.new-humanity.org\/fr\/non-classifiee\/geneve-new-humanity-presente-un-expose-orale-au-collque-l-enfant-et-la-religion\/#breadcrumb\",\"itemListElement\":[{\"@type\":\"ListItem\",\"position\":1,\"name\":\"Home\",\"item\":\"https:\/\/www.new-humanity.org\/fr\/\"},{\"@type\":\"ListItem\",\"position\":2,\"name\":\"Gen\u00e8ve: New Humanity pr\u00e9sente un expos\u00e9 orale au Collque \u00ab\u00a0L&rsquo;Enfant et la Religion\u00a0\u00bb\"}]},{\"@type\":\"WebSite\",\"@id\":\"https:\/\/www.new-humanity.org\/fr\/#website\",\"url\":\"https:\/\/www.new-humanity.org\/fr\/\",\"name\":\"New Humanity\",\"description\":\"Per un mondo unito\",\"publisher\":{\"@id\":\"https:\/\/www.new-humanity.org\/fr\/#organization\"},\"potentialAction\":[{\"@type\":\"SearchAction\",\"target\":{\"@type\":\"EntryPoint\",\"urlTemplate\":\"https:\/\/www.new-humanity.org\/fr\/?s={search_term_string}\"},\"query-input\":\"required name=search_term_string\"}],\"inLanguage\":\"fr-FR\"},{\"@type\":\"Organization\",\"@id\":\"https:\/\/www.new-humanity.org\/fr\/#organization\",\"name\":\"New Humanity\",\"url\":\"https:\/\/www.new-humanity.org\/fr\/\",\"logo\":{\"@type\":\"ImageObject\",\"inLanguage\":\"fr-FR\",\"@id\":\"https:\/\/www.new-humanity.org\/fr\/#\/schema\/logo\/image\/\",\"url\":\"https:\/\/www.new-humanity.org\/wp-content\/uploads\/2022\/01\/logo.jpg\",\"contentUrl\":\"https:\/\/www.new-humanity.org\/wp-content\/uploads\/2022\/01\/logo.jpg\",\"width\":520,\"height\":128,\"caption\":\"New Humanity\"},\"image\":{\"@id\":\"https:\/\/www.new-humanity.org\/fr\/#\/schema\/logo\/image\/\"}},{\"@type\":\"Person\",\"@id\":\"https:\/\/www.new-humanity.org\/fr\/#\/schema\/person\/bf7692a3102947a81983fb61ca44345e\",\"name\":\"admin\",\"image\":{\"@type\":\"ImageObject\",\"inLanguage\":\"fr-FR\",\"@id\":\"https:\/\/www.new-humanity.org\/fr\/#\/schema\/person\/image\/\",\"url\":\"https:\/\/secure.gravatar.com\/avatar\/812bfe7e2bd64e499487e858ecc04959?s=96&d=mm&r=g\",\"contentUrl\":\"https:\/\/secure.gravatar.com\/avatar\/812bfe7e2bd64e499487e858ecc04959?s=96&d=mm&r=g\",\"caption\":\"admin\"}}]}<\/script>\n<!-- \/ Yoast SEO plugin. -->","yoast_head_json":{"title":"Gen\u00e8ve: New Humanity pr\u00e9sente un expos\u00e9 orale au Collque \"L'Enfant et la Religion\" | New Humanity","description":"L'Enfant et la Religion Gen\u00e8ve, 18 septembre 2014 PendanT le Collque sur \"L'Enfant et la Religion\", M. Jorge Dias Ferreira, repr\u00e9sentant permanent de New","robots":{"index":"index","follow":"follow","max-snippet":"max-snippet:-1","max-image-preview":"max-image-preview:large","max-video-preview":"max-video-preview:-1"},"canonical":"https:\/\/www.new-humanity.org\/fr\/non-classifiee\/geneve-new-humanity-presente-un-expose-orale-au-collque-l-enfant-et-la-religion\/","og_locale":"fr_FR","og_type":"article","og_title":"Gen\u00e8ve: New Humanity pr\u00e9sente un expos\u00e9 orale au Collque \"L'Enfant et la Religion\" | New Humanity","og_description":"L'Enfant et la Religion Gen\u00e8ve, 18 septembre 2014 PendanT le Collque sur \"L'Enfant et la Religion\", M. Jorge Dias Ferreira, repr\u00e9sentant permanent de New","og_url":"https:\/\/www.new-humanity.org\/fr\/non-classifiee\/geneve-new-humanity-presente-un-expose-orale-au-collque-l-enfant-et-la-religion\/","og_site_name":"New Humanity","article_published_time":"2014-05-19T13:56:17+00:00","article_modified_time":"2014-09-20T17:07:35+00:00","og_image":[{"width":320,"height":240,"url":"https:\/\/www.new-humanity.org\/wp-content\/uploads\/2014\/09\/images_Geneve_20140918_bambino_religione.jpg","type":"image\/jpeg"}],"author":"admin","twitter_card":"summary_large_image","twitter_misc":{"\u00c9crit par":"admin"},"schema":{"@context":"https:\/\/schema.org","@graph":[{"@type":"Article","@id":"https:\/\/www.new-humanity.org\/fr\/non-classifiee\/geneve-new-humanity-presente-un-expose-orale-au-collque-l-enfant-et-la-religion\/#article","isPartOf":{"@id":"https:\/\/www.new-humanity.org\/fr\/non-classifiee\/geneve-new-humanity-presente-un-expose-orale-au-collque-l-enfant-et-la-religion\/"},"author":{"name":"admin","@id":"https:\/\/www.new-humanity.org\/fr\/#\/schema\/person\/bf7692a3102947a81983fb61ca44345e"},"headline":"Gen\u00e8ve: New Humanity pr\u00e9sente un expos\u00e9 orale au Collque \u00ab\u00a0L&rsquo;Enfant et la Religion\u00a0\u00bb","datePublished":"2014-05-19T13:56:17+00:00","dateModified":"2014-09-20T17:07:35+00:00","mainEntityOfPage":{"@id":"https:\/\/www.new-humanity.org\/fr\/non-classifiee\/geneve-new-humanity-presente-un-expose-orale-au-collque-l-enfant-et-la-religion\/"},"wordCount":90,"publisher":{"@id":"https:\/\/www.new-humanity.org\/fr\/#organization"},"articleSection":["Non classifi\u00e9(e)"],"inLanguage":"fr-FR"},{"@type":"WebPage","@id":"https:\/\/www.new-humanity.org\/fr\/non-classifiee\/geneve-new-humanity-presente-un-expose-orale-au-collque-l-enfant-et-la-religion\/","url":"https:\/\/www.new-humanity.org\/fr\/non-classifiee\/geneve-new-humanity-presente-un-expose-orale-au-collque-l-enfant-et-la-religion\/","name":"Gen\u00e8ve: New Humanity pr\u00e9sente un expos\u00e9 orale au Collque \"L'Enfant et la Religion\" | New Humanity","isPartOf":{"@id":"https:\/\/www.new-humanity.org\/fr\/#website"},"datePublished":"2014-05-19T13:56:17+00:00","dateModified":"2014-09-20T17:07:35+00:00","description":"L'Enfant et la Religion Gen\u00e8ve, 18 septembre 2014 PendanT le Collque sur \"L'Enfant et la Religion\", M. Jorge Dias Ferreira, repr\u00e9sentant permanent de New","breadcrumb":{"@id":"https:\/\/www.new-humanity.org\/fr\/non-classifiee\/geneve-new-humanity-presente-un-expose-orale-au-collque-l-enfant-et-la-religion\/#breadcrumb"},"inLanguage":"fr-FR","potentialAction":[{"@type":"ReadAction","target":["https:\/\/www.new-humanity.org\/fr\/non-classifiee\/geneve-new-humanity-presente-un-expose-orale-au-collque-l-enfant-et-la-religion\/"]}]},{"@type":"BreadcrumbList","@id":"https:\/\/www.new-humanity.org\/fr\/non-classifiee\/geneve-new-humanity-presente-un-expose-orale-au-collque-l-enfant-et-la-religion\/#breadcrumb","itemListElement":[{"@type":"ListItem","position":1,"name":"Home","item":"https:\/\/www.new-humanity.org\/fr\/"},{"@type":"ListItem","position":2,"name":"Gen\u00e8ve: New Humanity pr\u00e9sente un expos\u00e9 orale au Collque \u00ab\u00a0L&rsquo;Enfant et la Religion\u00a0\u00bb"}]},{"@type":"WebSite","@id":"https:\/\/www.new-humanity.org\/fr\/#website","url":"https:\/\/www.new-humanity.org\/fr\/","name":"New Humanity","description":"Per un mondo unito","publisher":{"@id":"https:\/\/www.new-humanity.org\/fr\/#organization"},"potentialAction":[{"@type":"SearchAction","target":{"@type":"EntryPoint","urlTemplate":"https:\/\/www.new-humanity.org\/fr\/?s={search_term_string}"},"query-input":"required name=search_term_string"}],"inLanguage":"fr-FR"},{"@type":"Organization","@id":"https:\/\/www.new-humanity.org\/fr\/#organization","name":"New Humanity","url":"https:\/\/www.new-humanity.org\/fr\/","logo":{"@type":"ImageObject","inLanguage":"fr-FR","@id":"https:\/\/www.new-humanity.org\/fr\/#\/schema\/logo\/image\/","url":"https:\/\/www.new-humanity.org\/wp-content\/uploads\/2022\/01\/logo.jpg","contentUrl":"https:\/\/www.new-humanity.org\/wp-content\/uploads\/2022\/01\/logo.jpg","width":520,"height":128,"caption":"New Humanity"},"image":{"@id":"https:\/\/www.new-humanity.org\/fr\/#\/schema\/logo\/image\/"}},{"@type":"Person","@id":"https:\/\/www.new-humanity.org\/fr\/#\/schema\/person\/bf7692a3102947a81983fb61ca44345e","name":"admin","image":{"@type":"ImageObject","inLanguage":"fr-FR","@id":"https:\/\/www.new-humanity.org\/fr\/#\/schema\/person\/image\/","url":"https:\/\/secure.gravatar.com\/avatar\/812bfe7e2bd64e499487e858ecc04959?s=96&d=mm&r=g","contentUrl":"https:\/\/secure.gravatar.com\/avatar\/812bfe7e2bd64e499487e858ecc04959?s=96&d=mm&r=g","caption":"admin"}}]}},"_links":{"self":[{"href":"https:\/\/www.new-humanity.org\/fr\/wp-json\/wp\/v2\/posts\/2370"}],"collection":[{"href":"https:\/\/www.new-humanity.org\/fr\/wp-json\/wp\/v2\/posts"}],"about":[{"href":"https:\/\/www.new-humanity.org\/fr\/wp-json\/wp\/v2\/types\/post"}],"author":[{"embeddable":true,"href":"https:\/\/www.new-humanity.org\/fr\/wp-json\/wp\/v2\/users\/1"}],"replies":[{"embeddable":true,"href":"https:\/\/www.new-humanity.org\/fr\/wp-json\/wp\/v2\/comments?post=2370"}],"version-history":[{"count":0,"href":"https:\/\/www.new-humanity.org\/fr\/wp-json\/wp\/v2\/posts\/2370\/revisions"}],"wp:featuredmedia":[{"embeddable":true,"href":"https:\/\/www.new-humanity.org\/fr\/wp-json\/wp\/v2\/media\/2367"}],"wp:attachment":[{"href":"https:\/\/www.new-humanity.org\/fr\/wp-json\/wp\/v2\/media?parent=2370"}],"wp:term":[{"taxonomy":"category","embeddable":true,"href":"https:\/\/www.new-humanity.org\/fr\/wp-json\/wp\/v2\/categories?post=2370"},{"taxonomy":"post_tag","embeddable":true,"href":"https:\/\/www.new-humanity.org\/fr\/wp-json\/wp\/v2\/tags?post=2370"},{"taxonomy":"ambiti","embeddable":true,"href":"https:\/\/www.new-humanity.org\/fr\/wp-json\/wp\/v2\/ambiti?post=2370"},{"taxonomy":"luogo","embeddable":true,"href":"https:\/\/www.new-humanity.org\/fr\/wp-json\/wp\/v2\/luogo?post=2370"},{"taxonomy":"progetto","embeddable":true,"href":"https:\/\/www.new-humanity.org\/fr\/wp-json\/wp\/v2\/progetto?post=2370"}],"curies":[{"name":"wp","href":"https:\/\/api.w.org\/{rel}","templated":true}]}}