{"id":2889,"date":"2017-05-12T20:46:00","date_gmt":"2017-05-12T18:46:00","guid":{"rendered":"http:\/\/www.new-humanity.org\/events\/paris\/new-humantiy-present-les-principaux-enjeux-de-l-alphabetisation-et-de-la-lutte-contre-l-illettrisme-de-la-perspective-africaine\/"},"modified":"2019-12-27T17:56:51","modified_gmt":"2019-12-27T16:56:51","slug":"new-humantiy-present-les-principaux-enjeux-de-l-alphabetisation-et-de-la-lutte-contre-l-illettrisme-de-la-perspective-africaine","status":"publish","type":"post","link":"https:\/\/www.new-humanity.org\/fr\/non-classifiee\/new-humantiy-present-les-principaux-enjeux-de-l-alphabetisation-et-de-la-lutte-contre-l-illettrisme-de-la-perspective-africaine\/","title":{"rendered":"New Humantiy pr\u00e9sent les principaux enjeux de l\u2019alphab\u00e9tisation et de la lutte contre l\u2019illettrisme de la perspective africaine"},"content":{"rendered":"<h3><a href=\"https:\/\/www.new-humanity.org\/events\/paris\/new-humanity-presenta-le-sfide-dell-alfabetizzazione-e-della-lotta-all-analfabestismo-dal-punto-di-vista-africano\/\" target=\"_self\" rel=\"noopener noreferrer\"><\/a><\/h3>\n<h3>11 Septembre 2017, UNESCO<\/h3>\n<h2><strong>Journ\u00e9e Internationale de l&rsquo;alphab\u00e9tisation<\/strong><\/h2>\n<h4><em>Dans le cadre de la journ\u00e9e internationale de l\u2019alphab\u00e9tisation, lundi 11 septembre dernier , <strong>l\u2019ONG Soroptimist International a organis\u00e9 au si\u00e8ge de l\u2019UNESCO une journ\u00e9e de conf\u00e9rences d\u00e9bats \u00e0 laquelle New Humanity a particip\u00e9 par l\u2019intervention, d\u2019un&nbsp; de ses membres, Melchior Nsavyimana<\/strong>, et la pr\u00e9sence de ses trois repr\u00e9sentants a l\u2019UNESCO,&nbsp; Chantal Grevin, Marie-Annick et Pierre Benoit.<\/em><\/h4>\n<p><a href=\"index.php?option=com_docman&amp;view=document&amp;alias=195-17-09-11-intervention-nsavyimana-analphabetisme&amp;category_slug=famille-et-\u00e9ducation&amp;Itemid=108&amp;lang=fr\" class=\"doclink\">Tel\u00e9charger l&rsquo;Intervention de Melchior Nsavyimana<\/a><\/p>\n<p>  <!--more-->  <\/p>\n<p>Melchior Nsavyimana, de nationalit\u00e9 burundaise, a \u00e9tudi\u00e9 les sciences politiques \u00e0 l\u2019Universit\u00e9 de Sophia o\u00f9 il vient de soutenir sa th\u00e8se de doctorat.<br \/>Il a particip\u00e9 \u00e0 la premi\u00e8re table ronde de la journ\u00e9e autour de la question suivante&nbsp;: <strong>\u00abQuels sont les principaux enjeux de l\u2019alphab\u00e9tisation et de la lutte contre l\u2019illettrisme aujourd\u2019hui dans le monde&nbsp;?\u00bb<\/strong><\/p>\n<p>Sa r\u00e9ponse pour l\u2019Afrique&nbsp; a \u00e9t\u00e9 un temps fort de la journ\u00e9e comme nous avons pu le mesurer dans les applaudissements qui ont suivi son intervention, les chaleureux encouragements que de nombreux participants lui ont adress\u00e9 tout au long de la journ\u00e9e ainsi que l\u2019enthousiasme de deux participants, l\u2019un d\u2019origine centrafricaine et l\u2019autre d\u2019origine ivoirienne (conseill\u00e8re municipale d\u2019un ville proche de Paris),&nbsp; qui, venus \u00ab&nbsp; par hasard&nbsp;\u00bb comme ils ont pu nous le r\u00e9p\u00e9ter ensuite,&nbsp; ont \u00e9t\u00e9 enthousiasm\u00e9s&nbsp; d\u2019entendre un jeune africain partager&nbsp; un point de vue que eux-m\u00eames d\u00e9fendent dans leurs diff\u00e9rents pays d\u2019origine&nbsp;:&nbsp; <strong>\u00abne pas faire \u00e0 la place, mais faire avec\u00bb<\/strong>. L\u2019ONG New Humanity les a ainsi beaucoup int\u00e9ress\u00e9s.<\/p>\n<p><strong><strong><img decoding=\"async\" loading=\"lazy\" class=\" alignright size-full wp-image-2886\" src=\"https:\/\/www.new-humanity.org\/wp-content\/uploads\/2017\/09\/images_Parigi_Nsavyimana_UNESCO_2.jpg\" alt=\"Nsavyimana UNESCO 2\" style=\"margin: 5px 0px 5px 5px; float: right;\" width=\"320\" height=\"240\" srcset=\"https:\/\/www.new-humanity.org\/wp-content\/uploads\/2017\/09\/images_Parigi_Nsavyimana_UNESCO_2.jpg 320w, https:\/\/www.new-humanity.org\/wp-content\/uploads\/2017\/09\/images_Parigi_Nsavyimana_UNESCO_2-300x225.jpg 300w\" sizes=\"(max-width: 320px) 100vw, 320px\" \/><\/strong>Melchior Nsavyimana,&nbsp; a pr\u00e9sent\u00e9&nbsp; le projet \u00abCome back to Africa<\/strong>: re-tourner nos r\u00eaves vers l\u2019Afrique afin de contribuer \u00e0 la construction de l\u2019Afrique que nous voulons&nbsp;\u00bb&nbsp; dont il est l\u2019instigateur et le promoteur.&nbsp; Ce&nbsp; projet vise \u00e0 responsabiliser les jeunes africains dipl\u00f4m\u00e9s en Europe dans le d\u00e9veloppement de leur pays d\u2019origine et la formation de leurs compatriotes dans une vision de paix.<br \/>Apr\u00e8s avoir rappel\u00e9 que 69&nbsp; % de la population en Afrique a moins de 30 ans,&nbsp; Il d\u00e9finit comme enjeux majeurs, la qualit\u00e9 de l\u2019\u00e9ducation et de la formation, l\u2019ouverture de perspectives d\u2019avenir, la pr\u00e9paration de&nbsp; cette jeunesse \u00e0 construire l\u2019Afrique de demain&nbsp; afin de relever les d\u00e9fis li\u00e9s \u00e0 la paix et au d\u00e9veloppement du continent.<\/p>\n<p>Pour que ce projet voie le jour, <strong>Melchior a fait \u00e9quipe et construit&nbsp; avec quatorze autres jeunes \u00e9tudiants issus de douze pays d\u2019Afrique<\/strong>. Pour illustrer la complexit\u00e9 de la t\u00e2che,&nbsp; il venait de nous partager peu avant&nbsp;qu\u2019il s\u2019agissait moins de \u00abl\u2019Afrique\u00bb que&nbsp; \u00abdes Afriques\u00bb, et de faire remarquer&nbsp; \u00e0&nbsp; cette assembl\u00e9e tr\u00e8s f\u00e9minine que sont les clubs Soroptimist que ce groupe \u00e9tait constitu\u00e9 de 10 filles et cinq gar\u00e7ons\u2026<\/p>\n<p>Une de leurs&nbsp; premi\u00e8res d\u00e9cisions communes&nbsp; a \u00e9t\u00e9 choisir de r\u00e9diger leurs travaux de fin d\u2019\u00e9tude sur un th\u00e8me li\u00e9 aux d\u00e9fis du continent africain <strong>dans une&nbsp; perspective de d\u00e9veloppement et de&nbsp; promotion de la paix et de la fraternit\u00e9 universelle.<\/strong><\/p>\n<p>Le \u00abprojet pilote\u00bb&nbsp;concerne les&nbsp; six pays de l\u2019Afrique de l\u2019Est et la R\u00e9publique D\u00e9mocratique du Congo pour&nbsp; former des jeunes, au leadership responsable et \u00e0&nbsp; la citoyennet\u00e9 active. <strong>Un s\u00e9minaire de formation r\u00e9unira \u00e0 Nairobi en d\u00e9cembre prochain<\/strong>&nbsp; les professeurs intervenants d\u2019Europe et d\u2019Afrique et les tuteurs qui accompagneront la centaine de jeunes inscrits \u00e0 la formation qui d\u00e9butera en&nbsp; juillet 2018.<\/p>\n<p>MAB<\/p>\n","protected":false},"excerpt":{"rendered":"<p>11 Septembre 2017, UNESCO Journ\u00e9e Internationale de l&rsquo;alphab\u00e9tisation Dans le cadre de la journ\u00e9e internationale de l\u2019alphab\u00e9tisation, lundi 11 septembre dernier , l\u2019ONG Soroptimist International a organis\u00e9 au si\u00e8ge de l\u2019UNESCO une journ\u00e9e de conf\u00e9rences d\u00e9bats \u00e0 laquelle New Humanity a particip\u00e9 par l\u2019intervention, d\u2019un&nbsp; de ses membres, Melchior Nsavyimana, et la pr\u00e9sence de ses [&hellip;]<\/p>\n","protected":false},"author":2,"featured_media":1262,"comment_status":"closed","ping_status":"open","sticky":false,"template":"","format":"standard","meta":{"ngg_post_thumbnail":0,"footnotes":""},"categories":[37],"tags":[],"ambiti":[],"luogo":[],"progetto":[],"acf":[],"yoast_head":"<!-- This site is optimized with the Yoast SEO plugin v21.9.1 - https:\/\/yoast.com\/wordpress\/plugins\/seo\/ -->\n<title>New Humantiy pr\u00e9sent les principaux enjeux de l\u2019alphab\u00e9tisation et de la lutte contre l\u2019illettrisme de la perspective africaine | New Humanity<\/title>\n<meta name=\"description\" content=\"11 Septembre 2017, UNESCO Journ\u00e9e Internationale de l&#039;alphab\u00e9tisation Dans le cadre de la journ\u00e9e internationale de l\u2019alphab\u00e9tisation, lundi 11 septembre\" \/>\n<meta name=\"robots\" content=\"index, follow, max-snippet:-1, max-image-preview:large, max-video-preview:-1\" \/>\n<link rel=\"canonical\" href=\"https:\/\/www.new-humanity.org\/fr\/non-classifiee\/new-humantiy-present-les-principaux-enjeux-de-l-alphabetisation-et-de-la-lutte-contre-l-illettrisme-de-la-perspective-africaine\/\" \/>\n<meta property=\"og:locale\" content=\"fr_FR\" \/>\n<meta property=\"og:type\" content=\"article\" \/>\n<meta property=\"og:title\" content=\"New Humantiy pr\u00e9sent les principaux enjeux de l\u2019alphab\u00e9tisation et de la lutte contre l\u2019illettrisme de la perspective africaine | New Humanity\" \/>\n<meta property=\"og:description\" content=\"11 Septembre 2017, UNESCO Journ\u00e9e Internationale de l&#039;alphab\u00e9tisation Dans le cadre de la journ\u00e9e internationale de l\u2019alphab\u00e9tisation, lundi 11 septembre\" \/>\n<meta property=\"og:url\" content=\"https:\/\/www.new-humanity.org\/fr\/non-classifiee\/new-humantiy-present-les-principaux-enjeux-de-l-alphabetisation-et-de-la-lutte-contre-l-illettrisme-de-la-perspective-africaine\/\" \/>\n<meta property=\"og:site_name\" content=\"New Humanity\" \/>\n<meta property=\"article:published_time\" content=\"2017-05-12T18:46:00+00:00\" \/>\n<meta property=\"article:modified_time\" content=\"2019-12-27T16:56:51+00:00\" \/>\n<meta property=\"og:image\" content=\"https:\/\/www.new-humanity.org\/wp-content\/uploads\/2014\/03\/images_Parigi_Nsavyimana_UNESCO.jpg\" \/>\n\t<meta property=\"og:image:width\" content=\"320\" \/>\n\t<meta property=\"og:image:height\" content=\"240\" \/>\n\t<meta property=\"og:image:type\" content=\"image\/jpeg\" \/>\n<meta name=\"author\" content=\"tomaso\" \/>\n<meta name=\"twitter:card\" content=\"summary_large_image\" \/>\n<meta name=\"twitter:label1\" content=\"\u00c9crit par\" \/>\n\t<meta name=\"twitter:data1\" content=\"tomaso\" \/>\n\t<meta name=\"twitter:label2\" content=\"Dur\u00e9e de lecture estim\u00e9e\" \/>\n\t<meta name=\"twitter:data2\" content=\"3 minutes\" \/>\n<script type=\"application\/ld+json\" class=\"yoast-schema-graph\">{\"@context\":\"https:\/\/schema.org\",\"@graph\":[{\"@type\":\"Article\",\"@id\":\"https:\/\/www.new-humanity.org\/fr\/non-classifiee\/new-humantiy-present-les-principaux-enjeux-de-l-alphabetisation-et-de-la-lutte-contre-l-illettrisme-de-la-perspective-africaine\/#article\",\"isPartOf\":{\"@id\":\"https:\/\/www.new-humanity.org\/fr\/non-classifiee\/new-humantiy-present-les-principaux-enjeux-de-l-alphabetisation-et-de-la-lutte-contre-l-illettrisme-de-la-perspective-africaine\/\"},\"author\":{\"name\":\"tomaso\",\"@id\":\"https:\/\/www.new-humanity.org\/fr\/#\/schema\/person\/a9a4bc3e76cade852fe82faef11b2035\"},\"headline\":\"New Humantiy pr\u00e9sent les principaux enjeux de l\u2019alphab\u00e9tisation et de la lutte contre l\u2019illettrisme de la perspective africaine\",\"datePublished\":\"2017-05-12T18:46:00+00:00\",\"dateModified\":\"2019-12-27T16:56:51+00:00\",\"mainEntityOfPage\":{\"@id\":\"https:\/\/www.new-humanity.org\/fr\/non-classifiee\/new-humantiy-present-les-principaux-enjeux-de-l-alphabetisation-et-de-la-lutte-contre-l-illettrisme-de-la-perspective-africaine\/\"},\"wordCount\":663,\"publisher\":{\"@id\":\"https:\/\/www.new-humanity.org\/fr\/#organization\"},\"articleSection\":[\"Non classifi\u00e9(e)\"],\"inLanguage\":\"fr-FR\"},{\"@type\":\"WebPage\",\"@id\":\"https:\/\/www.new-humanity.org\/fr\/non-classifiee\/new-humantiy-present-les-principaux-enjeux-de-l-alphabetisation-et-de-la-lutte-contre-l-illettrisme-de-la-perspective-africaine\/\",\"url\":\"https:\/\/www.new-humanity.org\/fr\/non-classifiee\/new-humantiy-present-les-principaux-enjeux-de-l-alphabetisation-et-de-la-lutte-contre-l-illettrisme-de-la-perspective-africaine\/\",\"name\":\"New Humantiy pr\u00e9sent les principaux enjeux de l\u2019alphab\u00e9tisation et de la lutte contre l\u2019illettrisme de la perspective africaine | New Humanity\",\"isPartOf\":{\"@id\":\"https:\/\/www.new-humanity.org\/fr\/#website\"},\"datePublished\":\"2017-05-12T18:46:00+00:00\",\"dateModified\":\"2019-12-27T16:56:51+00:00\",\"description\":\"11 Septembre 2017, UNESCO Journ\u00e9e Internationale de l'alphab\u00e9tisation Dans le cadre de la journ\u00e9e internationale de l\u2019alphab\u00e9tisation, lundi 11 septembre\",\"breadcrumb\":{\"@id\":\"https:\/\/www.new-humanity.org\/fr\/non-classifiee\/new-humantiy-present-les-principaux-enjeux-de-l-alphabetisation-et-de-la-lutte-contre-l-illettrisme-de-la-perspective-africaine\/#breadcrumb\"},\"inLanguage\":\"fr-FR\",\"potentialAction\":[{\"@type\":\"ReadAction\",\"target\":[\"https:\/\/www.new-humanity.org\/fr\/non-classifiee\/new-humantiy-present-les-principaux-enjeux-de-l-alphabetisation-et-de-la-lutte-contre-l-illettrisme-de-la-perspective-africaine\/\"]}]},{\"@type\":\"BreadcrumbList\",\"@id\":\"https:\/\/www.new-humanity.org\/fr\/non-classifiee\/new-humantiy-present-les-principaux-enjeux-de-l-alphabetisation-et-de-la-lutte-contre-l-illettrisme-de-la-perspective-africaine\/#breadcrumb\",\"itemListElement\":[{\"@type\":\"ListItem\",\"position\":1,\"name\":\"Home\",\"item\":\"https:\/\/www.new-humanity.org\/fr\/\"},{\"@type\":\"ListItem\",\"position\":2,\"name\":\"New Humantiy pr\u00e9sent les principaux enjeux de l\u2019alphab\u00e9tisation et de la lutte contre l\u2019illettrisme de la perspective africaine\"}]},{\"@type\":\"WebSite\",\"@id\":\"https:\/\/www.new-humanity.org\/fr\/#website\",\"url\":\"https:\/\/www.new-humanity.org\/fr\/\",\"name\":\"New Humanity\",\"description\":\"Per un mondo unito\",\"publisher\":{\"@id\":\"https:\/\/www.new-humanity.org\/fr\/#organization\"},\"potentialAction\":[{\"@type\":\"SearchAction\",\"target\":{\"@type\":\"EntryPoint\",\"urlTemplate\":\"https:\/\/www.new-humanity.org\/fr\/?s={search_term_string}\"},\"query-input\":\"required name=search_term_string\"}],\"inLanguage\":\"fr-FR\"},{\"@type\":\"Organization\",\"@id\":\"https:\/\/www.new-humanity.org\/fr\/#organization\",\"name\":\"New Humanity\",\"url\":\"https:\/\/www.new-humanity.org\/fr\/\",\"logo\":{\"@type\":\"ImageObject\",\"inLanguage\":\"fr-FR\",\"@id\":\"https:\/\/www.new-humanity.org\/fr\/#\/schema\/logo\/image\/\",\"url\":\"https:\/\/www.new-humanity.org\/wp-content\/uploads\/2022\/01\/logo.jpg\",\"contentUrl\":\"https:\/\/www.new-humanity.org\/wp-content\/uploads\/2022\/01\/logo.jpg\",\"width\":520,\"height\":128,\"caption\":\"New Humanity\"},\"image\":{\"@id\":\"https:\/\/www.new-humanity.org\/fr\/#\/schema\/logo\/image\/\"}},{\"@type\":\"Person\",\"@id\":\"https:\/\/www.new-humanity.org\/fr\/#\/schema\/person\/a9a4bc3e76cade852fe82faef11b2035\",\"name\":\"tomaso\",\"image\":{\"@type\":\"ImageObject\",\"inLanguage\":\"fr-FR\",\"@id\":\"https:\/\/www.new-humanity.org\/fr\/#\/schema\/person\/image\/\",\"url\":\"https:\/\/secure.gravatar.com\/avatar\/206ef9ca3f71f42666818d42a0485a56?s=96&d=mm&r=g\",\"contentUrl\":\"https:\/\/secure.gravatar.com\/avatar\/206ef9ca3f71f42666818d42a0485a56?s=96&d=mm&r=g\",\"caption\":\"tomaso\"}}]}<\/script>\n<!-- \/ Yoast SEO plugin. -->","yoast_head_json":{"title":"New Humantiy pr\u00e9sent les principaux enjeux de l\u2019alphab\u00e9tisation et de la lutte contre l\u2019illettrisme de la perspective africaine | New Humanity","description":"11 Septembre 2017, UNESCO Journ\u00e9e Internationale de l'alphab\u00e9tisation Dans le cadre de la journ\u00e9e internationale de l\u2019alphab\u00e9tisation, lundi 11 septembre","robots":{"index":"index","follow":"follow","max-snippet":"max-snippet:-1","max-image-preview":"max-image-preview:large","max-video-preview":"max-video-preview:-1"},"canonical":"https:\/\/www.new-humanity.org\/fr\/non-classifiee\/new-humantiy-present-les-principaux-enjeux-de-l-alphabetisation-et-de-la-lutte-contre-l-illettrisme-de-la-perspective-africaine\/","og_locale":"fr_FR","og_type":"article","og_title":"New Humantiy pr\u00e9sent les principaux enjeux de l\u2019alphab\u00e9tisation et de la lutte contre l\u2019illettrisme de la perspective africaine | New Humanity","og_description":"11 Septembre 2017, UNESCO Journ\u00e9e Internationale de l'alphab\u00e9tisation Dans le cadre de la journ\u00e9e internationale de l\u2019alphab\u00e9tisation, lundi 11 septembre","og_url":"https:\/\/www.new-humanity.org\/fr\/non-classifiee\/new-humantiy-present-les-principaux-enjeux-de-l-alphabetisation-et-de-la-lutte-contre-l-illettrisme-de-la-perspective-africaine\/","og_site_name":"New Humanity","article_published_time":"2017-05-12T18:46:00+00:00","article_modified_time":"2019-12-27T16:56:51+00:00","og_image":[{"width":320,"height":240,"url":"https:\/\/www.new-humanity.org\/wp-content\/uploads\/2014\/03\/images_Parigi_Nsavyimana_UNESCO.jpg","type":"image\/jpeg"}],"author":"tomaso","twitter_card":"summary_large_image","twitter_misc":{"\u00c9crit par":"tomaso","Dur\u00e9e de lecture estim\u00e9e":"3 minutes"},"schema":{"@context":"https:\/\/schema.org","@graph":[{"@type":"Article","@id":"https:\/\/www.new-humanity.org\/fr\/non-classifiee\/new-humantiy-present-les-principaux-enjeux-de-l-alphabetisation-et-de-la-lutte-contre-l-illettrisme-de-la-perspective-africaine\/#article","isPartOf":{"@id":"https:\/\/www.new-humanity.org\/fr\/non-classifiee\/new-humantiy-present-les-principaux-enjeux-de-l-alphabetisation-et-de-la-lutte-contre-l-illettrisme-de-la-perspective-africaine\/"},"author":{"name":"tomaso","@id":"https:\/\/www.new-humanity.org\/fr\/#\/schema\/person\/a9a4bc3e76cade852fe82faef11b2035"},"headline":"New Humantiy pr\u00e9sent les principaux enjeux de l\u2019alphab\u00e9tisation et de la lutte contre l\u2019illettrisme de la perspective africaine","datePublished":"2017-05-12T18:46:00+00:00","dateModified":"2019-12-27T16:56:51+00:00","mainEntityOfPage":{"@id":"https:\/\/www.new-humanity.org\/fr\/non-classifiee\/new-humantiy-present-les-principaux-enjeux-de-l-alphabetisation-et-de-la-lutte-contre-l-illettrisme-de-la-perspective-africaine\/"},"wordCount":663,"publisher":{"@id":"https:\/\/www.new-humanity.org\/fr\/#organization"},"articleSection":["Non classifi\u00e9(e)"],"inLanguage":"fr-FR"},{"@type":"WebPage","@id":"https:\/\/www.new-humanity.org\/fr\/non-classifiee\/new-humantiy-present-les-principaux-enjeux-de-l-alphabetisation-et-de-la-lutte-contre-l-illettrisme-de-la-perspective-africaine\/","url":"https:\/\/www.new-humanity.org\/fr\/non-classifiee\/new-humantiy-present-les-principaux-enjeux-de-l-alphabetisation-et-de-la-lutte-contre-l-illettrisme-de-la-perspective-africaine\/","name":"New Humantiy pr\u00e9sent les principaux enjeux de l\u2019alphab\u00e9tisation et de la lutte contre l\u2019illettrisme de la perspective africaine | New Humanity","isPartOf":{"@id":"https:\/\/www.new-humanity.org\/fr\/#website"},"datePublished":"2017-05-12T18:46:00+00:00","dateModified":"2019-12-27T16:56:51+00:00","description":"11 Septembre 2017, UNESCO Journ\u00e9e Internationale de l'alphab\u00e9tisation Dans le cadre de la journ\u00e9e internationale de l\u2019alphab\u00e9tisation, lundi 11 septembre","breadcrumb":{"@id":"https:\/\/www.new-humanity.org\/fr\/non-classifiee\/new-humantiy-present-les-principaux-enjeux-de-l-alphabetisation-et-de-la-lutte-contre-l-illettrisme-de-la-perspective-africaine\/#breadcrumb"},"inLanguage":"fr-FR","potentialAction":[{"@type":"ReadAction","target":["https:\/\/www.new-humanity.org\/fr\/non-classifiee\/new-humantiy-present-les-principaux-enjeux-de-l-alphabetisation-et-de-la-lutte-contre-l-illettrisme-de-la-perspective-africaine\/"]}]},{"@type":"BreadcrumbList","@id":"https:\/\/www.new-humanity.org\/fr\/non-classifiee\/new-humantiy-present-les-principaux-enjeux-de-l-alphabetisation-et-de-la-lutte-contre-l-illettrisme-de-la-perspective-africaine\/#breadcrumb","itemListElement":[{"@type":"ListItem","position":1,"name":"Home","item":"https:\/\/www.new-humanity.org\/fr\/"},{"@type":"ListItem","position":2,"name":"New Humantiy pr\u00e9sent les principaux enjeux de l\u2019alphab\u00e9tisation et de la lutte contre l\u2019illettrisme de la perspective africaine"}]},{"@type":"WebSite","@id":"https:\/\/www.new-humanity.org\/fr\/#website","url":"https:\/\/www.new-humanity.org\/fr\/","name":"New Humanity","description":"Per un mondo unito","publisher":{"@id":"https:\/\/www.new-humanity.org\/fr\/#organization"},"potentialAction":[{"@type":"SearchAction","target":{"@type":"EntryPoint","urlTemplate":"https:\/\/www.new-humanity.org\/fr\/?s={search_term_string}"},"query-input":"required name=search_term_string"}],"inLanguage":"fr-FR"},{"@type":"Organization","@id":"https:\/\/www.new-humanity.org\/fr\/#organization","name":"New Humanity","url":"https:\/\/www.new-humanity.org\/fr\/","logo":{"@type":"ImageObject","inLanguage":"fr-FR","@id":"https:\/\/www.new-humanity.org\/fr\/#\/schema\/logo\/image\/","url":"https:\/\/www.new-humanity.org\/wp-content\/uploads\/2022\/01\/logo.jpg","contentUrl":"https:\/\/www.new-humanity.org\/wp-content\/uploads\/2022\/01\/logo.jpg","width":520,"height":128,"caption":"New Humanity"},"image":{"@id":"https:\/\/www.new-humanity.org\/fr\/#\/schema\/logo\/image\/"}},{"@type":"Person","@id":"https:\/\/www.new-humanity.org\/fr\/#\/schema\/person\/a9a4bc3e76cade852fe82faef11b2035","name":"tomaso","image":{"@type":"ImageObject","inLanguage":"fr-FR","@id":"https:\/\/www.new-humanity.org\/fr\/#\/schema\/person\/image\/","url":"https:\/\/secure.gravatar.com\/avatar\/206ef9ca3f71f42666818d42a0485a56?s=96&d=mm&r=g","contentUrl":"https:\/\/secure.gravatar.com\/avatar\/206ef9ca3f71f42666818d42a0485a56?s=96&d=mm&r=g","caption":"tomaso"}}]}},"_links":{"self":[{"href":"https:\/\/www.new-humanity.org\/fr\/wp-json\/wp\/v2\/posts\/2889"}],"collection":[{"href":"https:\/\/www.new-humanity.org\/fr\/wp-json\/wp\/v2\/posts"}],"about":[{"href":"https:\/\/www.new-humanity.org\/fr\/wp-json\/wp\/v2\/types\/post"}],"author":[{"embeddable":true,"href":"https:\/\/www.new-humanity.org\/fr\/wp-json\/wp\/v2\/users\/2"}],"replies":[{"embeddable":true,"href":"https:\/\/www.new-humanity.org\/fr\/wp-json\/wp\/v2\/comments?post=2889"}],"version-history":[{"count":1,"href":"https:\/\/www.new-humanity.org\/fr\/wp-json\/wp\/v2\/posts\/2889\/revisions"}],"predecessor-version":[{"id":3684,"href":"https:\/\/www.new-humanity.org\/fr\/wp-json\/wp\/v2\/posts\/2889\/revisions\/3684"}],"wp:featuredmedia":[{"embeddable":true,"href":"https:\/\/www.new-humanity.org\/fr\/wp-json\/wp\/v2\/media\/1262"}],"wp:attachment":[{"href":"https:\/\/www.new-humanity.org\/fr\/wp-json\/wp\/v2\/media?parent=2889"}],"wp:term":[{"taxonomy":"category","embeddable":true,"href":"https:\/\/www.new-humanity.org\/fr\/wp-json\/wp\/v2\/categories?post=2889"},{"taxonomy":"post_tag","embeddable":true,"href":"https:\/\/www.new-humanity.org\/fr\/wp-json\/wp\/v2\/tags?post=2889"},{"taxonomy":"ambiti","embeddable":true,"href":"https:\/\/www.new-humanity.org\/fr\/wp-json\/wp\/v2\/ambiti?post=2889"},{"taxonomy":"luogo","embeddable":true,"href":"https:\/\/www.new-humanity.org\/fr\/wp-json\/wp\/v2\/luogo?post=2889"},{"taxonomy":"progetto","embeddable":true,"href":"https:\/\/www.new-humanity.org\/fr\/wp-json\/wp\/v2\/progetto?post=2889"}],"curies":[{"name":"wp","href":"https:\/\/api.w.org\/{rel}","templated":true}]}}