{"id":2903,"date":"2017-05-03T22:37:41","date_gmt":"2017-05-03T20:37:41","guid":{"rendered":"http:\/\/www.new-humanity.org\/events\/paris\/premiere-intervention-de-new-humanity-a-la-conference-generale-de-l-unesco\/"},"modified":"2019-12-27T17:56:57","modified_gmt":"2019-12-27T16:56:57","slug":"premiere-intervention-de-new-humanity-a-la-conference-generale-de-l-unesco","status":"publish","type":"post","link":"https:\/\/www.new-humanity.org\/fr\/non-classifiee\/premiere-intervention-de-new-humanity-a-la-conference-generale-de-l-unesco\/","title":{"rendered":"Premi\u00e8re historique intervention de New Humanity \u00e0 la Conf\u00e9rence G\u00e9n\u00e9rale de l&rsquo;UNESCO"},"content":{"rendered":"<h3><a href=\"https:\/\/www.new-humanity.org\/events\/paris\/storica-dichiarazione-di-new-humanity-alla-conferenza-generale-dell-unesco\/\" target=\"_self\" rel=\"noopener noreferrer\"><\/a><br \/>4 Novembre 2017, UNESCO<\/h3>\n<h2><strong>39\u00e8me Sessione de la Conf\u00e9rence G\u00e9n\u00e9rale<br \/><\/strong><\/h2>\n<h4><em><\/em><i>Une premi\u00e8re&nbsp;: l\u2019intervention de New Humanity \u00e0 l\u2019occasion de la s\u00e9ance pl\u00e9ni\u00e8re de la conf\u00e9rence G\u00e9n\u00e9rale des \u00c9tats-membres de l\u2019UNESCO. <strong>Contrer l\u2019extr\u00e9misme violent<\/strong>: l\u2019ONG a pr\u00e9sent\u00e9 quelques bonnes pratiques.<\/i><\/h4>\n<h4><em><br \/>Telecharge l&rsquo;intervention:<br \/><a href=\"index.php?option=com_docman&amp;view=document&amp;alias=196-new-humanity-intervnetion-at-unesco-general-conference-nov2017-en&amp;category_slug=family-and-education&amp;Itemid=132&amp;lang=en\" class=\"doclink\">Francais<br \/>Anglais<\/a><\/em><\/h4>\n<h4><em><br \/><a href=\"https:\/\/www.youtube.com\/watch?v=eWW_b4UEJDU&amp;t=11489s\" target=\"_blank\" rel=\"noopener noreferrer\" class=\"external\">Regard encore l&rsquo;intervention<\/a><br \/><a href=\"https:\/\/www.flickr.com\/photos\/137382561@N05\/sets\/72157688824978784\/\" target=\"_blank\" rel=\"noopener noreferrer\" class=\"external\">Gallerie des photos<\/a><\/em><\/h4>\n<p>&nbsp;<\/p>\n<p>  <!--more-->  <\/p>\n<p style=\"margin-bottom: 0cm;\" align=\"JUSTIFY\"><b>Lutte contre le terrorisme. <\/b>Comment arr\u00eater l\u2019extr\u00e9misme violent et donner aux jeunes la possibilit\u00e9 de croire \u00e0 la paix&nbsp;? Le Dr Chantal Grevin, principale repr\u00e9sentante de New Humanity \u00e0 Paris a fait dans son discours l\u2019\u00e9loge de l\u2019UNESCO pour le choix fait par cette organisation de promouvoir le concept de Citoyennet\u00e9 Mondiale.<\/p>\n<p style=\"margin-bottom: 0cm;\" align=\"JUSTIFY\"><b>Engagement des jeunes<\/b>. Le th\u00e8me de la Citoyennet\u00e9 Mondiale est d\u2019une importance cruciale et le nom m\u00eame de la branche Jeunes de New Humanity l\u2019exprime d\u00e9j\u00e0 clairement&nbsp;: Jeunes pour un Monde Uni.<\/p>\n<p style=\"margin-bottom: 0cm;\" align=\"JUSTIFY\"><b><a href=\"https:\/\/www.new-humanity.org\/events\/paris\/storica-dichiarazione-di-new-humanity-alla-conferenza-generale-dell-unesco\/\" target=\"_self\" rel=\"noopener noreferrer\"><img decoding=\"async\" loading=\"lazy\" class=\" alignright size-full wp-image-2892\" src=\"https:\/\/www.new-humanity.org\/wp-content\/uploads\/2017\/11\/images_Parigi_NH_39_UNESCO_general_Conference.jpg\" alt=\"NH 39 UNESCO general Conference\" style=\"margin: 5px 0px 5px 5px; float: right; border: #ffff00;\" width=\"320\" height=\"167\" srcset=\"https:\/\/www.new-humanity.org\/wp-content\/uploads\/2017\/11\/images_Parigi_NH_39_UNESCO_general_Conference.jpg 320w, https:\/\/www.new-humanity.org\/wp-content\/uploads\/2017\/11\/images_Parigi_NH_39_UNESCO_general_Conference-300x157.jpg 300w\" sizes=\"(max-width: 320px) 100vw, 320px\" \/><\/a>Une semaine consacr\u00e9e \u00e0 l\u2019article 1<\/b> de la D\u00e9claration Universelle des droits humains. Dans son intervention, Mme Grevin a \u00e9voqu\u00e9 la Semaine pour un Monde Uni (UWW), \u00e9v\u00e9nement qui, chaque ann\u00e9e et sur tous les points du globe, donne \u00e0 voir les actions qu\u2019ils conduisent dans le sens de la fraternit\u00e9 universelle.<\/p>\n<p style=\"margin-bottom: 0cm;\" align=\"JUSTIFY\"><b>L\u2019Atlas de la fraternit\u00e9.<\/b> Ces bonnes pratiques sont recens\u00e9es dans un atlas qui a pu \u00eatre pr\u00e9sent\u00e9 dans plusieurs commissions nationales UNESCO de par le monde.<\/p>\n<p style=\"margin-bottom: 0cm;\" align=\"JUSTIFY\"><b>Une reconnaissance par l\u2019ONU.<\/b> Au terme de son intervention, l\u2019intervenante a mentionn\u00e9 d\u2019autres ONG avec lesquelles New Humanity travaille en synergie \u2013 comme le BICE ou l\u2019Office Catholique International pour l\u2019\u00c9ducation \u2013 notamment pour demander aux Nations Unies la reconnaissance de la UWW et d\u2019autres initiatives qui vont dans le sens de l\u2019article 1 de la DUDH&nbsp;:<i>\u00ab&nbsp;Tous les \u00eatres humains [\u2026] doivent agir les uns envers les autres dans un esprit de fraternit\u00e9\u00bb<\/i> afin qu\u2019elles puissent devenir patrimoine commun dans la construction d\u2019une Citoyennet\u00e9 Mondiale.<\/p>\n<p>Photos de: <a href=\"https:\/\/www.flickr.com\/photos\/137382561@N05\/sets\/72157688824978784\/\">https:\/\/www.flickr.com\/photos\/137382561@N05\/sets\/72157688824978784\/<\/a><\/p>\n<p>&nbsp;<\/p>\n","protected":false},"excerpt":{"rendered":"<p>4 Novembre 2017, UNESCO 39\u00e8me Sessione de la Conf\u00e9rence G\u00e9n\u00e9rale Une premi\u00e8re&nbsp;: l\u2019intervention de New Humanity \u00e0 l\u2019occasion de la s\u00e9ance pl\u00e9ni\u00e8re de la conf\u00e9rence G\u00e9n\u00e9rale des \u00c9tats-membres de l\u2019UNESCO. Contrer l\u2019extr\u00e9misme violent: l\u2019ONG a pr\u00e9sent\u00e9 quelques bonnes pratiques. Telecharge l&rsquo;intervention:FrancaisAnglais Regard encore l&rsquo;interventionGallerie des photos &nbsp;<\/p>\n","protected":false},"author":2,"featured_media":1265,"comment_status":"closed","ping_status":"open","sticky":false,"template":"","format":"standard","meta":{"ngg_post_thumbnail":0,"footnotes":""},"categories":[37],"tags":[],"ambiti":[],"luogo":[],"progetto":[],"acf":[],"yoast_head":"<!-- This site is optimized with the Yoast SEO plugin v21.9.1 - https:\/\/yoast.com\/wordpress\/plugins\/seo\/ -->\n<title>Premi\u00e8re historique intervention de New Humanity \u00e0 la Conf\u00e9rence G\u00e9n\u00e9rale de l&#039;UNESCO | New Humanity<\/title>\n<meta name=\"description\" content=\"4 Novembre 2017, UNESCO 39\u00e8me Sessione de la Conf\u00e9rence G\u00e9n\u00e9rale Une premi\u00e8re&nbsp;: l\u2019intervention de New Humanity \u00e0 l\u2019occasion de la s\u00e9ance pl\u00e9ni\u00e8re de\" \/>\n<meta name=\"robots\" content=\"index, follow, max-snippet:-1, max-image-preview:large, max-video-preview:-1\" \/>\n<link rel=\"canonical\" href=\"https:\/\/www.new-humanity.org\/fr\/non-classifiee\/premiere-intervention-de-new-humanity-a-la-conference-generale-de-l-unesco\/\" \/>\n<meta property=\"og:locale\" content=\"fr_FR\" \/>\n<meta property=\"og:type\" content=\"article\" \/>\n<meta property=\"og:title\" content=\"Premi\u00e8re historique intervention de New Humanity \u00e0 la Conf\u00e9rence G\u00e9n\u00e9rale de l&#039;UNESCO | New Humanity\" \/>\n<meta property=\"og:description\" content=\"4 Novembre 2017, UNESCO 39\u00e8me Sessione de la Conf\u00e9rence G\u00e9n\u00e9rale Une premi\u00e8re&nbsp;: l\u2019intervention de New Humanity \u00e0 l\u2019occasion de la s\u00e9ance pl\u00e9ni\u00e8re de\" \/>\n<meta property=\"og:url\" content=\"https:\/\/www.new-humanity.org\/fr\/non-classifiee\/premiere-intervention-de-new-humanity-a-la-conference-generale-de-l-unesco\/\" \/>\n<meta property=\"og:site_name\" content=\"New Humanity\" \/>\n<meta property=\"article:published_time\" content=\"2017-05-03T20:37:41+00:00\" \/>\n<meta property=\"article:modified_time\" content=\"2019-12-27T16:56:57+00:00\" \/>\n<meta property=\"og:image\" content=\"https:\/\/www.new-humanity.org\/wp-content\/uploads\/2014\/03\/images_Parigi_Intervention_Grevin.jpg\" \/>\n\t<meta property=\"og:image:width\" content=\"320\" \/>\n\t<meta property=\"og:image:height\" content=\"480\" \/>\n\t<meta property=\"og:image:type\" content=\"image\/jpeg\" \/>\n<meta name=\"author\" content=\"tomaso\" \/>\n<meta name=\"twitter:card\" content=\"summary_large_image\" \/>\n<meta name=\"twitter:label1\" content=\"\u00c9crit par\" \/>\n\t<meta name=\"twitter:data1\" content=\"tomaso\" \/>\n\t<meta name=\"twitter:label2\" content=\"Dur\u00e9e de lecture estim\u00e9e\" \/>\n\t<meta name=\"twitter:data2\" content=\"2 minutes\" \/>\n<script type=\"application\/ld+json\" class=\"yoast-schema-graph\">{\"@context\":\"https:\/\/schema.org\",\"@graph\":[{\"@type\":\"Article\",\"@id\":\"https:\/\/www.new-humanity.org\/fr\/non-classifiee\/premiere-intervention-de-new-humanity-a-la-conference-generale-de-l-unesco\/#article\",\"isPartOf\":{\"@id\":\"https:\/\/www.new-humanity.org\/fr\/non-classifiee\/premiere-intervention-de-new-humanity-a-la-conference-generale-de-l-unesco\/\"},\"author\":{\"name\":\"tomaso\",\"@id\":\"https:\/\/www.new-humanity.org\/fr\/#\/schema\/person\/a9a4bc3e76cade852fe82faef11b2035\"},\"headline\":\"Premi\u00e8re historique intervention de New Humanity \u00e0 la Conf\u00e9rence G\u00e9n\u00e9rale de l&rsquo;UNESCO\",\"datePublished\":\"2017-05-03T20:37:41+00:00\",\"dateModified\":\"2019-12-27T16:56:57+00:00\",\"mainEntityOfPage\":{\"@id\":\"https:\/\/www.new-humanity.org\/fr\/non-classifiee\/premiere-intervention-de-new-humanity-a-la-conference-generale-de-l-unesco\/\"},\"wordCount\":361,\"publisher\":{\"@id\":\"https:\/\/www.new-humanity.org\/fr\/#organization\"},\"articleSection\":[\"Non classifi\u00e9(e)\"],\"inLanguage\":\"fr-FR\"},{\"@type\":\"WebPage\",\"@id\":\"https:\/\/www.new-humanity.org\/fr\/non-classifiee\/premiere-intervention-de-new-humanity-a-la-conference-generale-de-l-unesco\/\",\"url\":\"https:\/\/www.new-humanity.org\/fr\/non-classifiee\/premiere-intervention-de-new-humanity-a-la-conference-generale-de-l-unesco\/\",\"name\":\"Premi\u00e8re historique intervention de New Humanity \u00e0 la Conf\u00e9rence G\u00e9n\u00e9rale de l'UNESCO | New Humanity\",\"isPartOf\":{\"@id\":\"https:\/\/www.new-humanity.org\/fr\/#website\"},\"datePublished\":\"2017-05-03T20:37:41+00:00\",\"dateModified\":\"2019-12-27T16:56:57+00:00\",\"description\":\"4 Novembre 2017, UNESCO 39\u00e8me Sessione de la Conf\u00e9rence G\u00e9n\u00e9rale Une premi\u00e8re&nbsp;: l\u2019intervention de New Humanity \u00e0 l\u2019occasion de la s\u00e9ance pl\u00e9ni\u00e8re de\",\"breadcrumb\":{\"@id\":\"https:\/\/www.new-humanity.org\/fr\/non-classifiee\/premiere-intervention-de-new-humanity-a-la-conference-generale-de-l-unesco\/#breadcrumb\"},\"inLanguage\":\"fr-FR\",\"potentialAction\":[{\"@type\":\"ReadAction\",\"target\":[\"https:\/\/www.new-humanity.org\/fr\/non-classifiee\/premiere-intervention-de-new-humanity-a-la-conference-generale-de-l-unesco\/\"]}]},{\"@type\":\"BreadcrumbList\",\"@id\":\"https:\/\/www.new-humanity.org\/fr\/non-classifiee\/premiere-intervention-de-new-humanity-a-la-conference-generale-de-l-unesco\/#breadcrumb\",\"itemListElement\":[{\"@type\":\"ListItem\",\"position\":1,\"name\":\"Home\",\"item\":\"https:\/\/www.new-humanity.org\/fr\/\"},{\"@type\":\"ListItem\",\"position\":2,\"name\":\"Premi\u00e8re historique intervention de New Humanity \u00e0 la Conf\u00e9rence G\u00e9n\u00e9rale de l&rsquo;UNESCO\"}]},{\"@type\":\"WebSite\",\"@id\":\"https:\/\/www.new-humanity.org\/fr\/#website\",\"url\":\"https:\/\/www.new-humanity.org\/fr\/\",\"name\":\"New Humanity\",\"description\":\"Per un mondo unito\",\"publisher\":{\"@id\":\"https:\/\/www.new-humanity.org\/fr\/#organization\"},\"potentialAction\":[{\"@type\":\"SearchAction\",\"target\":{\"@type\":\"EntryPoint\",\"urlTemplate\":\"https:\/\/www.new-humanity.org\/fr\/?s={search_term_string}\"},\"query-input\":\"required name=search_term_string\"}],\"inLanguage\":\"fr-FR\"},{\"@type\":\"Organization\",\"@id\":\"https:\/\/www.new-humanity.org\/fr\/#organization\",\"name\":\"New Humanity\",\"url\":\"https:\/\/www.new-humanity.org\/fr\/\",\"logo\":{\"@type\":\"ImageObject\",\"inLanguage\":\"fr-FR\",\"@id\":\"https:\/\/www.new-humanity.org\/fr\/#\/schema\/logo\/image\/\",\"url\":\"https:\/\/www.new-humanity.org\/wp-content\/uploads\/2022\/01\/logo.jpg\",\"contentUrl\":\"https:\/\/www.new-humanity.org\/wp-content\/uploads\/2022\/01\/logo.jpg\",\"width\":520,\"height\":128,\"caption\":\"New Humanity\"},\"image\":{\"@id\":\"https:\/\/www.new-humanity.org\/fr\/#\/schema\/logo\/image\/\"}},{\"@type\":\"Person\",\"@id\":\"https:\/\/www.new-humanity.org\/fr\/#\/schema\/person\/a9a4bc3e76cade852fe82faef11b2035\",\"name\":\"tomaso\",\"image\":{\"@type\":\"ImageObject\",\"inLanguage\":\"fr-FR\",\"@id\":\"https:\/\/www.new-humanity.org\/fr\/#\/schema\/person\/image\/\",\"url\":\"https:\/\/secure.gravatar.com\/avatar\/206ef9ca3f71f42666818d42a0485a56?s=96&d=mm&r=g\",\"contentUrl\":\"https:\/\/secure.gravatar.com\/avatar\/206ef9ca3f71f42666818d42a0485a56?s=96&d=mm&r=g\",\"caption\":\"tomaso\"}}]}<\/script>\n<!-- \/ Yoast SEO plugin. -->","yoast_head_json":{"title":"Premi\u00e8re historique intervention de New Humanity \u00e0 la Conf\u00e9rence G\u00e9n\u00e9rale de l'UNESCO | New Humanity","description":"4 Novembre 2017, UNESCO 39\u00e8me Sessione de la Conf\u00e9rence G\u00e9n\u00e9rale Une premi\u00e8re&nbsp;: l\u2019intervention de New Humanity \u00e0 l\u2019occasion de la s\u00e9ance pl\u00e9ni\u00e8re de","robots":{"index":"index","follow":"follow","max-snippet":"max-snippet:-1","max-image-preview":"max-image-preview:large","max-video-preview":"max-video-preview:-1"},"canonical":"https:\/\/www.new-humanity.org\/fr\/non-classifiee\/premiere-intervention-de-new-humanity-a-la-conference-generale-de-l-unesco\/","og_locale":"fr_FR","og_type":"article","og_title":"Premi\u00e8re historique intervention de New Humanity \u00e0 la Conf\u00e9rence G\u00e9n\u00e9rale de l'UNESCO | New Humanity","og_description":"4 Novembre 2017, UNESCO 39\u00e8me Sessione de la Conf\u00e9rence G\u00e9n\u00e9rale Une premi\u00e8re&nbsp;: l\u2019intervention de New Humanity \u00e0 l\u2019occasion de la s\u00e9ance pl\u00e9ni\u00e8re de","og_url":"https:\/\/www.new-humanity.org\/fr\/non-classifiee\/premiere-intervention-de-new-humanity-a-la-conference-generale-de-l-unesco\/","og_site_name":"New Humanity","article_published_time":"2017-05-03T20:37:41+00:00","article_modified_time":"2019-12-27T16:56:57+00:00","og_image":[{"width":320,"height":480,"url":"https:\/\/www.new-humanity.org\/wp-content\/uploads\/2014\/03\/images_Parigi_Intervention_Grevin.jpg","type":"image\/jpeg"}],"author":"tomaso","twitter_card":"summary_large_image","twitter_misc":{"\u00c9crit par":"tomaso","Dur\u00e9e de lecture estim\u00e9e":"2 minutes"},"schema":{"@context":"https:\/\/schema.org","@graph":[{"@type":"Article","@id":"https:\/\/www.new-humanity.org\/fr\/non-classifiee\/premiere-intervention-de-new-humanity-a-la-conference-generale-de-l-unesco\/#article","isPartOf":{"@id":"https:\/\/www.new-humanity.org\/fr\/non-classifiee\/premiere-intervention-de-new-humanity-a-la-conference-generale-de-l-unesco\/"},"author":{"name":"tomaso","@id":"https:\/\/www.new-humanity.org\/fr\/#\/schema\/person\/a9a4bc3e76cade852fe82faef11b2035"},"headline":"Premi\u00e8re historique intervention de New Humanity \u00e0 la Conf\u00e9rence G\u00e9n\u00e9rale de l&rsquo;UNESCO","datePublished":"2017-05-03T20:37:41+00:00","dateModified":"2019-12-27T16:56:57+00:00","mainEntityOfPage":{"@id":"https:\/\/www.new-humanity.org\/fr\/non-classifiee\/premiere-intervention-de-new-humanity-a-la-conference-generale-de-l-unesco\/"},"wordCount":361,"publisher":{"@id":"https:\/\/www.new-humanity.org\/fr\/#organization"},"articleSection":["Non classifi\u00e9(e)"],"inLanguage":"fr-FR"},{"@type":"WebPage","@id":"https:\/\/www.new-humanity.org\/fr\/non-classifiee\/premiere-intervention-de-new-humanity-a-la-conference-generale-de-l-unesco\/","url":"https:\/\/www.new-humanity.org\/fr\/non-classifiee\/premiere-intervention-de-new-humanity-a-la-conference-generale-de-l-unesco\/","name":"Premi\u00e8re historique intervention de New Humanity \u00e0 la Conf\u00e9rence G\u00e9n\u00e9rale de l'UNESCO | New Humanity","isPartOf":{"@id":"https:\/\/www.new-humanity.org\/fr\/#website"},"datePublished":"2017-05-03T20:37:41+00:00","dateModified":"2019-12-27T16:56:57+00:00","description":"4 Novembre 2017, UNESCO 39\u00e8me Sessione de la Conf\u00e9rence G\u00e9n\u00e9rale Une premi\u00e8re&nbsp;: l\u2019intervention de New Humanity \u00e0 l\u2019occasion de la s\u00e9ance pl\u00e9ni\u00e8re de","breadcrumb":{"@id":"https:\/\/www.new-humanity.org\/fr\/non-classifiee\/premiere-intervention-de-new-humanity-a-la-conference-generale-de-l-unesco\/#breadcrumb"},"inLanguage":"fr-FR","potentialAction":[{"@type":"ReadAction","target":["https:\/\/www.new-humanity.org\/fr\/non-classifiee\/premiere-intervention-de-new-humanity-a-la-conference-generale-de-l-unesco\/"]}]},{"@type":"BreadcrumbList","@id":"https:\/\/www.new-humanity.org\/fr\/non-classifiee\/premiere-intervention-de-new-humanity-a-la-conference-generale-de-l-unesco\/#breadcrumb","itemListElement":[{"@type":"ListItem","position":1,"name":"Home","item":"https:\/\/www.new-humanity.org\/fr\/"},{"@type":"ListItem","position":2,"name":"Premi\u00e8re historique intervention de New Humanity \u00e0 la Conf\u00e9rence G\u00e9n\u00e9rale de l&rsquo;UNESCO"}]},{"@type":"WebSite","@id":"https:\/\/www.new-humanity.org\/fr\/#website","url":"https:\/\/www.new-humanity.org\/fr\/","name":"New Humanity","description":"Per un mondo unito","publisher":{"@id":"https:\/\/www.new-humanity.org\/fr\/#organization"},"potentialAction":[{"@type":"SearchAction","target":{"@type":"EntryPoint","urlTemplate":"https:\/\/www.new-humanity.org\/fr\/?s={search_term_string}"},"query-input":"required name=search_term_string"}],"inLanguage":"fr-FR"},{"@type":"Organization","@id":"https:\/\/www.new-humanity.org\/fr\/#organization","name":"New Humanity","url":"https:\/\/www.new-humanity.org\/fr\/","logo":{"@type":"ImageObject","inLanguage":"fr-FR","@id":"https:\/\/www.new-humanity.org\/fr\/#\/schema\/logo\/image\/","url":"https:\/\/www.new-humanity.org\/wp-content\/uploads\/2022\/01\/logo.jpg","contentUrl":"https:\/\/www.new-humanity.org\/wp-content\/uploads\/2022\/01\/logo.jpg","width":520,"height":128,"caption":"New Humanity"},"image":{"@id":"https:\/\/www.new-humanity.org\/fr\/#\/schema\/logo\/image\/"}},{"@type":"Person","@id":"https:\/\/www.new-humanity.org\/fr\/#\/schema\/person\/a9a4bc3e76cade852fe82faef11b2035","name":"tomaso","image":{"@type":"ImageObject","inLanguage":"fr-FR","@id":"https:\/\/www.new-humanity.org\/fr\/#\/schema\/person\/image\/","url":"https:\/\/secure.gravatar.com\/avatar\/206ef9ca3f71f42666818d42a0485a56?s=96&d=mm&r=g","contentUrl":"https:\/\/secure.gravatar.com\/avatar\/206ef9ca3f71f42666818d42a0485a56?s=96&d=mm&r=g","caption":"tomaso"}}]}},"_links":{"self":[{"href":"https:\/\/www.new-humanity.org\/fr\/wp-json\/wp\/v2\/posts\/2903"}],"collection":[{"href":"https:\/\/www.new-humanity.org\/fr\/wp-json\/wp\/v2\/posts"}],"about":[{"href":"https:\/\/www.new-humanity.org\/fr\/wp-json\/wp\/v2\/types\/post"}],"author":[{"embeddable":true,"href":"https:\/\/www.new-humanity.org\/fr\/wp-json\/wp\/v2\/users\/2"}],"replies":[{"embeddable":true,"href":"https:\/\/www.new-humanity.org\/fr\/wp-json\/wp\/v2\/comments?post=2903"}],"version-history":[{"count":1,"href":"https:\/\/www.new-humanity.org\/fr\/wp-json\/wp\/v2\/posts\/2903\/revisions"}],"predecessor-version":[{"id":3692,"href":"https:\/\/www.new-humanity.org\/fr\/wp-json\/wp\/v2\/posts\/2903\/revisions\/3692"}],"wp:featuredmedia":[{"embeddable":true,"href":"https:\/\/www.new-humanity.org\/fr\/wp-json\/wp\/v2\/media\/1265"}],"wp:attachment":[{"href":"https:\/\/www.new-humanity.org\/fr\/wp-json\/wp\/v2\/media?parent=2903"}],"wp:term":[{"taxonomy":"category","embeddable":true,"href":"https:\/\/www.new-humanity.org\/fr\/wp-json\/wp\/v2\/categories?post=2903"},{"taxonomy":"post_tag","embeddable":true,"href":"https:\/\/www.new-humanity.org\/fr\/wp-json\/wp\/v2\/tags?post=2903"},{"taxonomy":"ambiti","embeddable":true,"href":"https:\/\/www.new-humanity.org\/fr\/wp-json\/wp\/v2\/ambiti?post=2903"},{"taxonomy":"luogo","embeddable":true,"href":"https:\/\/www.new-humanity.org\/fr\/wp-json\/wp\/v2\/luogo?post=2903"},{"taxonomy":"progetto","embeddable":true,"href":"https:\/\/www.new-humanity.org\/fr\/wp-json\/wp\/v2\/progetto?post=2903"}],"curies":[{"name":"wp","href":"https:\/\/api.w.org\/{rel}","templated":true}]}}