{"id":5405,"date":"2021-03-16T15:31:18","date_gmt":"2021-03-16T14:31:18","guid":{"rendered":"http:\/\/www.new-humanity.org\/?p=5405"},"modified":"2021-03-16T21:42:28","modified_gmt":"2021-03-16T20:42:28","slug":"crise-sanitaire-et-enjeux-educatifs","status":"publish","type":"post","link":"https:\/\/www.new-humanity.org\/fr\/droit-a-leducation\/crise-sanitaire-et-enjeux-educatifs\/","title":{"rendered":"CRISE SANITAIRE ET ENJEUX \u00c9DUCATIFS"},"content":{"rendered":"<p>Jorge M. Dias Ferreira, Psychologue et repr\u00e9sentant permanent de New Humanity \u00e0 l&rsquo;ONU, a pr\u00e9sent\u00e9 le 9 mars 2021, \u00e0 la demande de l&rsquo;<a href=\"https:\/\/www.oidel.org\/\" target=\"_blank\" rel=\"noopener\">OIDEL<\/a> (Organisation Internationale pour le droit \u00e0 l\u2019\u00e9ducation et la libert\u00e9 d\u2019enseignement), un expos\u00e9 intitul\u00e9 \u00ab\u00a0Crise Sanitaire et enjeux \u00e9ducatifs\u00a0\u00bb .<\/p>\n<p>Sa contribution s&rsquo;adresse aux nombreux acteurs internationaux concern\u00e9s par le Droit \u00e0 l&rsquo;Education (ONU, ONG, Associations Educatives).<\/p>\n<p>Dans son intervention, Jorge M. Dias Ferreira a caract\u00e9ris\u00e9 l&rsquo;actuelle crise sanitaire dans un contexte de changement d&rsquo;\u00e9poque. Celui-ci est marqu\u00e9 par multiples crises globales &#8211; environnementale-\u00e9cologique, \u00e9conomico-sociale, migratoire, politique &#8211; ayant des r\u00e9percussions graves et significatives sur les relations interpersonnelles et internationales aboutissant, entre autres, \u00e0 une sorte de catastrophe \u00e9ducative. Face \u00e0 l\u2019involution des droits de l\u2019homme<sup>1<\/sup> et du contexte socio-\u00e9conomique et \u00e9ducatif actuels<sup>2<\/sup> des priorit\u00e9s \u00e9ducatives sont \u00e0 privil\u00e9gier notamment aux niveaux de la formation de l\u2019\u00eatre<sup>3<\/sup>, des valeurs universels<sup>4<\/sup>, des capacit\u00e9s d\u2019analyse critique face au r\u00e9el et d\u2019apprendre \u00e0 savoir nommer ses propres \u00e9motions.<\/p>\n<p><div class=\"cookieconsent-optout-marketing\">\n                        <a href=\"javascript:Cookiebot.renew()\" style=\"background: url(https:\/\/www.new-humanity.org\/wp-content\/plugins\/yt-placeholder-cookiebot\/assets\/placeholder.jpg) no-repeat center center \/ cover; aspect-ratio: 1 \/ 0.48; width: 100%; display: block; margin: 20px 0; position: relative; background-size: cover; background-position: center;\">\n                            <span style=\"position: absolute; bottom: 20px; width: 100%; padding: 0 5%; text-align: center; box-sizing: border-box;\">Pour voir cette vid\u00e9o, vous devez activer tous les cookies<\/span>\n                        <\/a>\n                   <\/div><iframe loading=\"lazy\" title=\"COVID et \u00c9ducation- 18\" width=\"500\" height=\"281\" src=\"https:\/\/www.youtube.com\/embed\/8zkngBBJHcs?feature=oembed\" frameborder=\"0\" allow=\"accelerometer; autoplay; clipboard-write; encrypted-media; gyroscope; picture-in-picture\" allowfullscreen><\/iframe><\/p>\n<p>&nbsp;<\/p>\n<p>_____________________________<\/p>\n<p>1 Conf\u00e9rence de presse du Secr\u00e9taire G\u00e9n\u00e9rale de l\u2019ONU, Antonio Guterres, New York, 8 janvier 2021.<\/p>\n<p>2 Carence d\u2019autorit\u00e9 \u00e9ducative, Jorge M. Dias Ferreira, Educateur, octobre 2002.<\/p>\n<p>3 UNESCO, L\u2019Education\u00a0: un tr\u00e9sor est cach\u00e9 dedans, Rapport Jacques Delors, 1998.<\/p>\n<p>4 UNESCO, Le droit d\u2019\u00eatre un homme, sous la responsabilit\u00e9 de Jeanne Hersch, 1968.<\/p>\n","protected":false},"excerpt":{"rendered":"<p>Jorge M. Dias Ferreira, Psychologue et repr\u00e9sentant permanent de New Humanity \u00e0 l&rsquo;ONU, a pr\u00e9sent\u00e9 le 9 mars 2021, \u00e0 la demande de l&rsquo;OIDEL (Organisation Internationale pour le droit \u00e0 l\u2019\u00e9ducation et la libert\u00e9 d\u2019enseignement), un expos\u00e9 intitul\u00e9 \u00ab\u00a0Crise Sanitaire et enjeux \u00e9ducatifs\u00a0\u00bb . Sa contribution s&rsquo;adresse aux nombreux acteurs internationaux concern\u00e9s par le Droit [&hellip;]<\/p>\n","protected":false},"author":6,"featured_media":5399,"comment_status":"closed","ping_status":"open","sticky":false,"template":"","format":"standard","meta":{"ngg_post_thumbnail":0,"footnotes":""},"categories":[330,347,356,344],"tags":[],"ambiti":[219,231],"luogo":[224],"progetto":[],"acf":[],"yoast_head":"<!-- This site is optimized with the Yoast SEO plugin v21.9.1 - https:\/\/yoast.com\/wordpress\/plugins\/seo\/ -->\n<title>CRISE SANITAIRE ET ENJEUX \u00c9DUCATIFS | New Humanity<\/title>\n<meta name=\"description\" content=\"Jorge M. Dias Ferreira, Psychologue et repr\u00e9sentant permanent de New Humanity \u00e0 l&#039;ONU, a pr\u00e9sent\u00e9 le 9 mars 2021, \u00e0 la demande de l&#039;OIDEL (Organisation\" \/>\n<meta name=\"robots\" content=\"index, follow, max-snippet:-1, max-image-preview:large, max-video-preview:-1\" \/>\n<link rel=\"canonical\" href=\"https:\/\/www.new-humanity.org\/fr\/droit-a-leducation\/crise-sanitaire-et-enjeux-educatifs\/\" \/>\n<meta property=\"og:locale\" content=\"fr_FR\" \/>\n<meta property=\"og:type\" content=\"article\" \/>\n<meta property=\"og:title\" content=\"CRISE SANITAIRE ET ENJEUX \u00c9DUCATIFS | New Humanity\" \/>\n<meta property=\"og:description\" content=\"Jorge M. Dias Ferreira, Psychologue et repr\u00e9sentant permanent de New Humanity \u00e0 l&#039;ONU, a pr\u00e9sent\u00e9 le 9 mars 2021, \u00e0 la demande de l&#039;OIDEL (Organisation\" \/>\n<meta property=\"og:url\" content=\"https:\/\/www.new-humanity.org\/fr\/droit-a-leducation\/crise-sanitaire-et-enjeux-educatifs\/\" \/>\n<meta property=\"og:site_name\" content=\"New Humanity\" \/>\n<meta property=\"article:published_time\" content=\"2021-03-16T14:31:18+00:00\" \/>\n<meta property=\"article:modified_time\" content=\"2021-03-16T20:42:28+00:00\" \/>\n<meta property=\"og:image\" content=\"https:\/\/www.new-humanity.org\/wp-content\/uploads\/2021\/03\/Jorge-1024x683-1.jpg\" \/>\n\t<meta property=\"og:image:width\" content=\"1024\" \/>\n\t<meta property=\"og:image:height\" content=\"683\" \/>\n\t<meta property=\"og:image:type\" content=\"image\/jpeg\" \/>\n<meta name=\"author\" content=\"m.desalvo\" \/>\n<meta name=\"twitter:card\" content=\"summary_large_image\" \/>\n<meta name=\"twitter:label1\" content=\"\u00c9crit par\" \/>\n\t<meta name=\"twitter:data1\" content=\"m.desalvo\" \/>\n\t<meta name=\"twitter:label2\" content=\"Dur\u00e9e de lecture estim\u00e9e\" \/>\n\t<meta name=\"twitter:data2\" content=\"1 minute\" \/>\n<script type=\"application\/ld+json\" class=\"yoast-schema-graph\">{\"@context\":\"https:\/\/schema.org\",\"@graph\":[{\"@type\":\"Article\",\"@id\":\"https:\/\/www.new-humanity.org\/fr\/droit-a-leducation\/crise-sanitaire-et-enjeux-educatifs\/#article\",\"isPartOf\":{\"@id\":\"https:\/\/www.new-humanity.org\/fr\/droit-a-leducation\/crise-sanitaire-et-enjeux-educatifs\/\"},\"author\":{\"name\":\"m.desalvo\",\"@id\":\"https:\/\/www.new-humanity.org\/fr\/#\/schema\/person\/2ac9186f9c769dcbae431599a13c0854\"},\"headline\":\"CRISE SANITAIRE ET ENJEUX \u00c9DUCATIFS\",\"datePublished\":\"2021-03-16T14:31:18+00:00\",\"dateModified\":\"2021-03-16T20:42:28+00:00\",\"mainEntityOfPage\":{\"@id\":\"https:\/\/www.new-humanity.org\/fr\/droit-a-leducation\/crise-sanitaire-et-enjeux-educatifs\/\"},\"wordCount\":235,\"publisher\":{\"@id\":\"https:\/\/www.new-humanity.org\/fr\/#organization\"},\"articleSection\":[\"Citoyennet\u00e9 active\",\"Droit \u00e0 l'Education\",\"Forum des ONG d\u2019inspiration catholique\",\"Nations Unies\"],\"inLanguage\":\"fr-FR\"},{\"@type\":\"WebPage\",\"@id\":\"https:\/\/www.new-humanity.org\/fr\/droit-a-leducation\/crise-sanitaire-et-enjeux-educatifs\/\",\"url\":\"https:\/\/www.new-humanity.org\/fr\/droit-a-leducation\/crise-sanitaire-et-enjeux-educatifs\/\",\"name\":\"CRISE SANITAIRE ET ENJEUX \u00c9DUCATIFS | New Humanity\",\"isPartOf\":{\"@id\":\"https:\/\/www.new-humanity.org\/fr\/#website\"},\"datePublished\":\"2021-03-16T14:31:18+00:00\",\"dateModified\":\"2021-03-16T20:42:28+00:00\",\"description\":\"Jorge M. Dias Ferreira, Psychologue et repr\u00e9sentant permanent de New Humanity \u00e0 l'ONU, a pr\u00e9sent\u00e9 le 9 mars 2021, \u00e0 la demande de l'OIDEL (Organisation\",\"breadcrumb\":{\"@id\":\"https:\/\/www.new-humanity.org\/fr\/droit-a-leducation\/crise-sanitaire-et-enjeux-educatifs\/#breadcrumb\"},\"inLanguage\":\"fr-FR\",\"potentialAction\":[{\"@type\":\"ReadAction\",\"target\":[\"https:\/\/www.new-humanity.org\/fr\/droit-a-leducation\/crise-sanitaire-et-enjeux-educatifs\/\"]}]},{\"@type\":\"BreadcrumbList\",\"@id\":\"https:\/\/www.new-humanity.org\/fr\/droit-a-leducation\/crise-sanitaire-et-enjeux-educatifs\/#breadcrumb\",\"itemListElement\":[{\"@type\":\"ListItem\",\"position\":1,\"name\":\"Home\",\"item\":\"https:\/\/www.new-humanity.org\/fr\/\"},{\"@type\":\"ListItem\",\"position\":2,\"name\":\"CRISE SANITAIRE ET ENJEUX \u00c9DUCATIFS\"}]},{\"@type\":\"WebSite\",\"@id\":\"https:\/\/www.new-humanity.org\/fr\/#website\",\"url\":\"https:\/\/www.new-humanity.org\/fr\/\",\"name\":\"New Humanity\",\"description\":\"Per un mondo unito\",\"publisher\":{\"@id\":\"https:\/\/www.new-humanity.org\/fr\/#organization\"},\"potentialAction\":[{\"@type\":\"SearchAction\",\"target\":{\"@type\":\"EntryPoint\",\"urlTemplate\":\"https:\/\/www.new-humanity.org\/fr\/?s={search_term_string}\"},\"query-input\":\"required name=search_term_string\"}],\"inLanguage\":\"fr-FR\"},{\"@type\":\"Organization\",\"@id\":\"https:\/\/www.new-humanity.org\/fr\/#organization\",\"name\":\"New Humanity\",\"url\":\"https:\/\/www.new-humanity.org\/fr\/\",\"logo\":{\"@type\":\"ImageObject\",\"inLanguage\":\"fr-FR\",\"@id\":\"https:\/\/www.new-humanity.org\/fr\/#\/schema\/logo\/image\/\",\"url\":\"https:\/\/www.new-humanity.org\/wp-content\/uploads\/2022\/01\/logo.jpg\",\"contentUrl\":\"https:\/\/www.new-humanity.org\/wp-content\/uploads\/2022\/01\/logo.jpg\",\"width\":520,\"height\":128,\"caption\":\"New Humanity\"},\"image\":{\"@id\":\"https:\/\/www.new-humanity.org\/fr\/#\/schema\/logo\/image\/\"}},{\"@type\":\"Person\",\"@id\":\"https:\/\/www.new-humanity.org\/fr\/#\/schema\/person\/2ac9186f9c769dcbae431599a13c0854\",\"name\":\"m.desalvo\",\"image\":{\"@type\":\"ImageObject\",\"inLanguage\":\"fr-FR\",\"@id\":\"https:\/\/www.new-humanity.org\/fr\/#\/schema\/person\/image\/\",\"url\":\"https:\/\/secure.gravatar.com\/avatar\/eb2ca3c36bd1122d3008026dda397395?s=96&d=mm&r=g\",\"contentUrl\":\"https:\/\/secure.gravatar.com\/avatar\/eb2ca3c36bd1122d3008026dda397395?s=96&d=mm&r=g\",\"caption\":\"m.desalvo\"}}]}<\/script>\n<!-- \/ Yoast SEO plugin. -->","yoast_head_json":{"title":"CRISE SANITAIRE ET ENJEUX \u00c9DUCATIFS | New Humanity","description":"Jorge M. Dias Ferreira, Psychologue et repr\u00e9sentant permanent de New Humanity \u00e0 l'ONU, a pr\u00e9sent\u00e9 le 9 mars 2021, \u00e0 la demande de l'OIDEL (Organisation","robots":{"index":"index","follow":"follow","max-snippet":"max-snippet:-1","max-image-preview":"max-image-preview:large","max-video-preview":"max-video-preview:-1"},"canonical":"https:\/\/www.new-humanity.org\/fr\/droit-a-leducation\/crise-sanitaire-et-enjeux-educatifs\/","og_locale":"fr_FR","og_type":"article","og_title":"CRISE SANITAIRE ET ENJEUX \u00c9DUCATIFS | New Humanity","og_description":"Jorge M. Dias Ferreira, Psychologue et repr\u00e9sentant permanent de New Humanity \u00e0 l'ONU, a pr\u00e9sent\u00e9 le 9 mars 2021, \u00e0 la demande de l'OIDEL (Organisation","og_url":"https:\/\/www.new-humanity.org\/fr\/droit-a-leducation\/crise-sanitaire-et-enjeux-educatifs\/","og_site_name":"New Humanity","article_published_time":"2021-03-16T14:31:18+00:00","article_modified_time":"2021-03-16T20:42:28+00:00","og_image":[{"width":1024,"height":683,"url":"https:\/\/www.new-humanity.org\/wp-content\/uploads\/2021\/03\/Jorge-1024x683-1.jpg","type":"image\/jpeg"}],"author":"m.desalvo","twitter_card":"summary_large_image","twitter_misc":{"\u00c9crit par":"m.desalvo","Dur\u00e9e de lecture estim\u00e9e":"1 minute"},"schema":{"@context":"https:\/\/schema.org","@graph":[{"@type":"Article","@id":"https:\/\/www.new-humanity.org\/fr\/droit-a-leducation\/crise-sanitaire-et-enjeux-educatifs\/#article","isPartOf":{"@id":"https:\/\/www.new-humanity.org\/fr\/droit-a-leducation\/crise-sanitaire-et-enjeux-educatifs\/"},"author":{"name":"m.desalvo","@id":"https:\/\/www.new-humanity.org\/fr\/#\/schema\/person\/2ac9186f9c769dcbae431599a13c0854"},"headline":"CRISE SANITAIRE ET ENJEUX \u00c9DUCATIFS","datePublished":"2021-03-16T14:31:18+00:00","dateModified":"2021-03-16T20:42:28+00:00","mainEntityOfPage":{"@id":"https:\/\/www.new-humanity.org\/fr\/droit-a-leducation\/crise-sanitaire-et-enjeux-educatifs\/"},"wordCount":235,"publisher":{"@id":"https:\/\/www.new-humanity.org\/fr\/#organization"},"articleSection":["Citoyennet\u00e9 active","Droit \u00e0 l'Education","Forum des ONG d\u2019inspiration catholique","Nations Unies"],"inLanguage":"fr-FR"},{"@type":"WebPage","@id":"https:\/\/www.new-humanity.org\/fr\/droit-a-leducation\/crise-sanitaire-et-enjeux-educatifs\/","url":"https:\/\/www.new-humanity.org\/fr\/droit-a-leducation\/crise-sanitaire-et-enjeux-educatifs\/","name":"CRISE SANITAIRE ET ENJEUX \u00c9DUCATIFS | New Humanity","isPartOf":{"@id":"https:\/\/www.new-humanity.org\/fr\/#website"},"datePublished":"2021-03-16T14:31:18+00:00","dateModified":"2021-03-16T20:42:28+00:00","description":"Jorge M. Dias Ferreira, Psychologue et repr\u00e9sentant permanent de New Humanity \u00e0 l'ONU, a pr\u00e9sent\u00e9 le 9 mars 2021, \u00e0 la demande de l'OIDEL (Organisation","breadcrumb":{"@id":"https:\/\/www.new-humanity.org\/fr\/droit-a-leducation\/crise-sanitaire-et-enjeux-educatifs\/#breadcrumb"},"inLanguage":"fr-FR","potentialAction":[{"@type":"ReadAction","target":["https:\/\/www.new-humanity.org\/fr\/droit-a-leducation\/crise-sanitaire-et-enjeux-educatifs\/"]}]},{"@type":"BreadcrumbList","@id":"https:\/\/www.new-humanity.org\/fr\/droit-a-leducation\/crise-sanitaire-et-enjeux-educatifs\/#breadcrumb","itemListElement":[{"@type":"ListItem","position":1,"name":"Home","item":"https:\/\/www.new-humanity.org\/fr\/"},{"@type":"ListItem","position":2,"name":"CRISE SANITAIRE ET ENJEUX \u00c9DUCATIFS"}]},{"@type":"WebSite","@id":"https:\/\/www.new-humanity.org\/fr\/#website","url":"https:\/\/www.new-humanity.org\/fr\/","name":"New Humanity","description":"Per un mondo unito","publisher":{"@id":"https:\/\/www.new-humanity.org\/fr\/#organization"},"potentialAction":[{"@type":"SearchAction","target":{"@type":"EntryPoint","urlTemplate":"https:\/\/www.new-humanity.org\/fr\/?s={search_term_string}"},"query-input":"required name=search_term_string"}],"inLanguage":"fr-FR"},{"@type":"Organization","@id":"https:\/\/www.new-humanity.org\/fr\/#organization","name":"New Humanity","url":"https:\/\/www.new-humanity.org\/fr\/","logo":{"@type":"ImageObject","inLanguage":"fr-FR","@id":"https:\/\/www.new-humanity.org\/fr\/#\/schema\/logo\/image\/","url":"https:\/\/www.new-humanity.org\/wp-content\/uploads\/2022\/01\/logo.jpg","contentUrl":"https:\/\/www.new-humanity.org\/wp-content\/uploads\/2022\/01\/logo.jpg","width":520,"height":128,"caption":"New Humanity"},"image":{"@id":"https:\/\/www.new-humanity.org\/fr\/#\/schema\/logo\/image\/"}},{"@type":"Person","@id":"https:\/\/www.new-humanity.org\/fr\/#\/schema\/person\/2ac9186f9c769dcbae431599a13c0854","name":"m.desalvo","image":{"@type":"ImageObject","inLanguage":"fr-FR","@id":"https:\/\/www.new-humanity.org\/fr\/#\/schema\/person\/image\/","url":"https:\/\/secure.gravatar.com\/avatar\/eb2ca3c36bd1122d3008026dda397395?s=96&d=mm&r=g","contentUrl":"https:\/\/secure.gravatar.com\/avatar\/eb2ca3c36bd1122d3008026dda397395?s=96&d=mm&r=g","caption":"m.desalvo"}}]}},"_links":{"self":[{"href":"https:\/\/www.new-humanity.org\/fr\/wp-json\/wp\/v2\/posts\/5405"}],"collection":[{"href":"https:\/\/www.new-humanity.org\/fr\/wp-json\/wp\/v2\/posts"}],"about":[{"href":"https:\/\/www.new-humanity.org\/fr\/wp-json\/wp\/v2\/types\/post"}],"author":[{"embeddable":true,"href":"https:\/\/www.new-humanity.org\/fr\/wp-json\/wp\/v2\/users\/6"}],"replies":[{"embeddable":true,"href":"https:\/\/www.new-humanity.org\/fr\/wp-json\/wp\/v2\/comments?post=5405"}],"version-history":[{"count":4,"href":"https:\/\/www.new-humanity.org\/fr\/wp-json\/wp\/v2\/posts\/5405\/revisions"}],"predecessor-version":[{"id":5410,"href":"https:\/\/www.new-humanity.org\/fr\/wp-json\/wp\/v2\/posts\/5405\/revisions\/5410"}],"wp:featuredmedia":[{"embeddable":true,"href":"https:\/\/www.new-humanity.org\/fr\/wp-json\/wp\/v2\/media\/5399"}],"wp:attachment":[{"href":"https:\/\/www.new-humanity.org\/fr\/wp-json\/wp\/v2\/media?parent=5405"}],"wp:term":[{"taxonomy":"category","embeddable":true,"href":"https:\/\/www.new-humanity.org\/fr\/wp-json\/wp\/v2\/categories?post=5405"},{"taxonomy":"post_tag","embeddable":true,"href":"https:\/\/www.new-humanity.org\/fr\/wp-json\/wp\/v2\/tags?post=5405"},{"taxonomy":"ambiti","embeddable":true,"href":"https:\/\/www.new-humanity.org\/fr\/wp-json\/wp\/v2\/ambiti?post=5405"},{"taxonomy":"luogo","embeddable":true,"href":"https:\/\/www.new-humanity.org\/fr\/wp-json\/wp\/v2\/luogo?post=5405"},{"taxonomy":"progetto","embeddable":true,"href":"https:\/\/www.new-humanity.org\/fr\/wp-json\/wp\/v2\/progetto?post=5405"}],"curies":[{"name":"wp","href":"https:\/\/api.w.org\/{rel}","templated":true}]}}