{"id":6049,"date":"2022-07-14T15:28:30","date_gmt":"2022-07-14T13:28:30","guid":{"rendered":"https:\/\/www.new-humanity.org\/?p=6049"},"modified":"2022-07-19T11:19:30","modified_gmt":"2022-07-19T09:19:30","slug":"pierre-benoit-un-horizon-plus-large","status":"publish","type":"post","link":"https:\/\/www.new-humanity.org\/fr\/non-classifiee\/pierre-benoit-un-horizon-plus-large\/","title":{"rendered":"Pierre Benoit : un horizon plus large !"},"content":{"rendered":"<h4><i><span style=\"font-weight: 400;\">Le 19 juillet 2021, Pierre Benoit nous quittait. Son souvenir un an apr\u00e8s sa mort, avec gratitude pour un grand h\u00e9ritage\u00a0!<\/span><\/i><\/h4>\n<p style=\"text-align: right;\"><span style=\"font-weight: 400;\">par Paolo Balduzzi<\/span><\/p>\n<p>&nbsp;<\/p>\n<p><span style=\"font-weight: 400;\">Fin septembre 2016. Ce doit \u00eatre la p\u00e9riode o\u00f9 j\u2019ai connu Pierre Benoit.\u00a0 Il est alors \u00e0 Rome, venant de sa ville de Paris, pour quelques rencontres li\u00e9es \u00e0 ses prestations de service dans le domaine de l\u2019\u00e9ducation pour l\u2019ONG Humanit\u00e9 Nouvelle et d\u2019autres entit\u00e9s partenaires.<\/span><\/p>\n<p><span style=\"font-weight: 400;\">C\u2019est le premier arriv\u00e9, et je me trouve dans le m\u00eame bureau. Dans les heures suivantes arrivaient tous les autres\u00a0: cette attente fut la premi\u00e8re occasion de nous observer un peu\u00a0!<\/span><\/p>\n<p><span style=\"font-weight: 400;\">Pierre, un fran\u00e7ais \u00e9l\u00e9gant et sympathique, avec cet air malin, non pas de ceux qui en savent plus que les autres, mais de ceux qui regardent toujours vers un <\/span><i><span style=\"font-weight: 400;\">horizon plus large, <\/span><\/i><span style=\"font-weight: 400;\">par rapport aux petites choses de la vie quotidienne\u00a0: il y donnait toutefois de la valeur par des gestes de gentillesse, et nous voici \u00e0 boire un caf\u00e9 ensemble\u00a0! Un moment de partage, d\u2019\u00e9merveillement presque enfantin devant une belle chose, avec son rire, vraiment inoubliable.<\/span><\/p>\n<p><img decoding=\"async\" loading=\"lazy\" class=\"size-medium wp-image-6019 alignright\" src=\"https:\/\/www.new-humanity.org\/wp-content\/uploads\/2022\/07\/Pierre-4-168x300.jpeg\" alt=\"\" width=\"168\" height=\"300\" srcset=\"https:\/\/www.new-humanity.org\/wp-content\/uploads\/2022\/07\/Pierre-4-168x300.jpeg 168w, https:\/\/www.new-humanity.org\/wp-content\/uploads\/2022\/07\/Pierre-4.jpeg 575w\" sizes=\"(max-width: 168px) 100vw, 168px\" \/><\/p>\n<p><span style=\"font-weight: 400;\">Chez Pierre, l\u2019\u00e9ternit\u00e9 et l\u2019humanit\u00e9 se confondent. Si parfois (je le comprendrai avec le temps) il m\u2019aura sembl\u00e9 un peu \u00ab\u00a0perdu dans son monde\u00a0\u00bb, en r\u00e9alit\u00e9 sa pr\u00e9sence \u00e9tait un appel tr\u00e8s fort \u00e0 ne pas me laisser \u00e9touffer par le roulement du quotidien, par les fatigues d\u2019une vie compliqu\u00e9e. Il m\u2019a appris ceci, Pierre : toujours regarder au-del\u00e0 de l\u2019obstacle, se rappeler qu\u2019il y a autre chose que ce que l\u2019on vit dans son ordinaire, surtout dans les moments plus difficiles ; un ordinaire qui, cependant, avec les petites attentions \u00e0 l\u2019autre, peut \u00eatre tr\u00e8s beau.<\/span><\/p>\n<p><span style=\"font-weight: 400;\">Parisien, n\u00e9 en 1952, Pierre \u00e9tait professeur d\u2019italien, travaillant pendant des ann\u00e9es dans un lyc\u00e9e au nord de la capitale fran\u00e7aise. Mari\u00e9 \u00e0 Marie-Annick, il eut deux filles, Agathe et Fleur ; il \u00e9tait un passionn\u00e9 d\u2019\u00e9ducation et avait particuli\u00e8rement \u00e0 c\u0153ur l\u2019\u00e9ducation \u00e0 la fraternit\u00e9.<\/span><\/p>\n<p><span style=\"font-weight: 400;\">Quelques ann\u00e9es plus t\u00f4t, Pierre avait en effet connu l\u2019id\u00e9al d\u2019un Monde Uni propos\u00e9 par Chiara Lubich\u00a0: il en avait pleinement compris son \u00e9norme potentiel, aussi du point de vue social et, par cons\u00e9quent, \u00e9ducatif.\u00a0 Pour cette raison, il s\u2019\u00e9tait lanc\u00e9 corps et \u00e2me \u00e0 travailler \u00e0 cette fin avec comp\u00e9tence, professionnalisme, passion, saisissant dans les actes du quotidien la possibilit\u00e9 de changer le monde.<\/span><\/p>\n<p><span style=\"font-weight: 400;\">Un jour \u00e0 son lyc\u00e9e, apr\u00e8s une discussion assez anim\u00e9e entre deux \u00e9tudiantes, il propose de lancer le d\u00e9 de la fraternit\u00e9 : un vrai jeu de d\u00e9s o\u00f9, sur chacun des six c\u00f4t\u00e9s, l\u2019on \u00e9crit une phrase\u00a0 d\u2019encouragement au dialogue et \u00e0 la rencontre avec l\u2019autre :\u00a0 c\u2019est la m\u00e9thode pour la fraternit\u00e9 \u2013 une version profane\u00a0 de\u00a0 l\u2019<\/span><i><span style=\"font-weight: 400;\">Art d\u2019aimer<\/span><\/i><span style=\"font-weight: 400;\"> de\u00a0 Chiara Lubich &#8211; propos\u00e9e aux \u00e9l\u00e8ves selon une formulation adapt\u00e9e \u00e0 leur \u00e2ge. L\u2019exp\u00e9rience est couronn\u00e9e de succ\u00e8s, si bien que Pierre et ses \u00e9l\u00e8ves fondent <a href=\"http:\/\/fraternaide.fr\/\" target=\"_blank\" rel=\"noopener\">l\u2019association <\/a><\/span><i><span style=\"font-weight: 400;\">Fratern\u2019Aide,<\/span><\/i><span style=\"font-weight: 400;\"> dans le but de promouvoir cette p\u00e9dagogie de fraternit\u00e9 dans d\u2019autres \u00e9coles. L\u2019objectif est encore aujourd\u2019hui celui de contribuer \u00e0 la construction de la paix, de la fraternit\u00e9 et de la solidarit\u00e9 entre toutes et tous, y compris entre les g\u00e9n\u00e9rations\u00a0: cet objectif se traduit par des collaborations, animations, rencontres avec les personnes dans les foyers pour personnes \u00e2g\u00e9es, par des interventions aupr\u00e8s d\u2019\u00e9coles primaires, moyennes et sup\u00e9rieures, aupr\u00e8s d\u2019associations, ainsi qu\u2019en diverses rencontres.<\/span><\/p>\n<p><span style=\"font-weight: 400;\">C\u2019est donc d\u00e8s le d\u00e9but que la m\u00e9thode propos\u00e9e par <\/span><i><span style=\"font-weight: 400;\">Fratern\u2019Aide<\/span><\/i><span style=\"font-weight: 400;\"> fait son chemin dans les \u00e9coles, mais aussi dans le monde civil et culturel environnant. Revient cette constante de Pierre, <\/span><i><span style=\"font-weight: 400;\">l\u2019horizon plus large, <\/span><\/i><span style=\"font-weight: 400;\">d\u00e9passant sa propre zone de confort\u00a0: elle atteint en l\u2019occurrence l\u2019UNESCO et le Conseil de l\u2019Europe, o\u00f9 en 2011, \u00e0 l\u2019invitation du Pr\u00e9sident de la Commission des Droits de l\u2019Homme de l\u2019\u00e9poque, l\u2019association parle de son histoire et de son exp\u00e9rience.<\/span><\/p>\n<p><span style=\"font-weight: 400;\">Gr\u00e2ce \u00e0 cet engagement, Pierre devient au fil des ann\u00e9es, un v\u00e9ritable animateur de l\u2019ONG Humanit\u00e9 Nouvelle, apportant sa comp\u00e9tence et les r\u00e9sultats de son travail de recherche sur la fraternit\u00e9 dans le domaine de l\u2019\u00e9ducation \u00e0 la paix et \u00e0 la citoyennet\u00e9 mondiale, lors de rencontres et d\u2019ateliers dans diff\u00e9rentes parties du monde.\u00a0<\/span><\/p>\n<p><span style=\"font-weight: 400;\">Avec Marie-Annick, Pierre devient en outre repr\u00e9sentant de New Humanity NGO aupr\u00e8s de l\u2019UNESCO\u00a0: cela signifiait pour lui de travailler avec toutes les personnes de bonne volont\u00e9 pour construire l\u2019unit\u00e9 de la famille humaine, \u00e0 savoir investir dans des actions et des projets inclusifs, en vue de donner les m\u00eames chances de d\u00e9part \u00e0 tous les enfants et \u00e9tudiants int\u00e9ress\u00e9s,\u00a0 dans les diff\u00e9rentes parties du monde.<\/span><\/p>\n<p><img decoding=\"async\" loading=\"lazy\" class=\"size-medium wp-image-6015 alignleft\" src=\"https:\/\/www.new-humanity.org\/wp-content\/uploads\/2022\/07\/Pierre-3-300x168.jpeg\" alt=\"\" width=\"300\" height=\"168\" srcset=\"https:\/\/www.new-humanity.org\/wp-content\/uploads\/2022\/07\/Pierre-3-300x168.jpeg 300w, https:\/\/www.new-humanity.org\/wp-content\/uploads\/2022\/07\/Pierre-3-768x431.jpeg 768w, https:\/\/www.new-humanity.org\/wp-content\/uploads\/2022\/07\/Pierre-3.jpeg 1024w\" sizes=\"(max-width: 300px) 100vw, 300px\" \/><\/p>\n<p><span style=\"font-weight: 400;\">Une vie intense faite de travail, de relations, de beaucoup d\u2019\u00e9tude, ce qui n\u2019a pas \u00e9pargn\u00e9 Pierre de grands drames qui frapp\u00e8rent sa famille, tout d\u2019abord la maladie de sa fille bien-aim\u00e9e Agathe et sa mort \u00e0 un jeune \u00e2ge. Son tourment de parent, peut-\u00eatre jamais r\u00e9solu, au vu du sort de sa fille, l\u2019avait cependant amen\u00e9, au fil des ans, \u00e0 affiner sa sensibilit\u00e9 pour les autres, en particulier pour les plus en souffrance, cherchant d\u2019une mani\u00e8re particuli\u00e8rement obstin\u00e9e la voie du dialogue, avec tout le sens donn\u00e9 par le t\u00e9moignage de cette mort pr\u00e9matur\u00e9e.<\/span><\/p>\n<p><span>Et il en fut ainsi jusqu\u2019\u00e0 la fin,\u00a0 lorsqu\u2019une maladie, de mani\u00e8re rapide et inattendue, l\u2019emporta il y a un an,\u00a0 le 19 juillet 2021, vers son <\/span><i><span>horizon plus large,<\/span><\/i><span> la constante de sa vie.\u00a0 Essayer de faire de m\u00eame aujourd\u2019hui, \u00e9largir notre regard et encourager nos c\u0153urs d\u2019aller au-del\u00e0 des obstacles, voil\u00e0 la meilleure fa\u00e7on de rendre actuel son h\u00e9ritage.<\/span><\/p>\n<p><strong>Liens utiles :<\/strong><\/p>\n<ul>\n<li><a href=\"https:\/\/www.unsa-education.com\/article-\/comment-apprendre-et-vivre-la-fraternite-entretien-avec-pierre-benoit\/\" target=\"_blank\" rel=\"noopener\">https:\/\/www.unsa-education.com\/article-\/comment-apprendre-et-vivre-la-fraternite-entretien-avec-pierre-benoit\/<\/a><\/li>\n<li><a href=\"http:\/\/www.eduforunity.org\/studi-progetti-esperienze\/relazioni\/75-relazioni-di-congressi\/educazione-un-atto-damore\/295-fratern-aide-inglese.html\" target=\"_blank\" rel=\"noopener\">http:\/\/www.eduforunity.org\/studi-progetti-esperienze\/relazioni\/75-relazioni-di-congressi\/educazione-un-atto-damore\/295-fratern-aide-inglese.html<\/a><\/li>\n<li><a href=\"https:\/\/humanitenouvelle.org\/wp-content\/uploads\/2021\/07\/GrevinChantal_Hommage-a-Pierre-Benoit-le-24-juillet-2021.pdf\" target=\"_blank\" rel=\"noopener\">https:\/\/humanitenouvelle.org\/wp-content\/uploads\/2021\/07\/GrevinChantal_Hommage-a-Pierre-Benoit-le-24-juillet-2021.pdf<\/a><\/li>\n<\/ul>\n","protected":false},"excerpt":{"rendered":"<p>Le 19 juillet 2021, Pierre Benoit nous quittait. Son souvenir un an apr\u00e8s sa mort, avec gratitude pour un grand h\u00e9ritage\u00a0! par Paolo Balduzzi &nbsp; Fin septembre 2016. Ce doit \u00eatre la p\u00e9riode o\u00f9 j\u2019ai connu Pierre Benoit.\u00a0 Il est alors \u00e0 Rome, venant de sa ville de Paris, pour quelques rencontres li\u00e9es \u00e0 ses [&hellip;]<\/p>\n","protected":false},"author":7,"featured_media":6025,"comment_status":"closed","ping_status":"open","sticky":false,"template":"","format":"standard","meta":{"ngg_post_thumbnail":0,"footnotes":""},"categories":[37],"tags":[],"ambiti":[],"luogo":[228],"progetto":[],"acf":[],"yoast_head":"<!-- This site is optimized with the Yoast SEO plugin v21.9.1 - https:\/\/yoast.com\/wordpress\/plugins\/seo\/ -->\n<title>Pierre Benoit : un horizon plus large ! | New Humanity<\/title>\n<meta name=\"description\" content=\"Le 19 juillet 2021, Pierre Benoit nous quittait. Son souvenir un an apr\u00e8s sa mort, avec gratitude pour un grand h\u00e9ritage\u00a0! par Paolo Balduzzi &nbsp; Fin\" \/>\n<meta name=\"robots\" content=\"index, follow, max-snippet:-1, max-image-preview:large, max-video-preview:-1\" \/>\n<link rel=\"canonical\" href=\"https:\/\/www.new-humanity.org\/fr\/non-classifiee\/pierre-benoit-un-horizon-plus-large\/\" \/>\n<meta property=\"og:locale\" content=\"fr_FR\" \/>\n<meta property=\"og:type\" content=\"article\" \/>\n<meta property=\"og:title\" content=\"Pierre Benoit : un horizon plus large ! | New Humanity\" \/>\n<meta property=\"og:description\" content=\"Le 19 juillet 2021, Pierre Benoit nous quittait. Son souvenir un an apr\u00e8s sa mort, avec gratitude pour un grand h\u00e9ritage\u00a0! par Paolo Balduzzi &nbsp; Fin\" \/>\n<meta property=\"og:url\" content=\"https:\/\/www.new-humanity.org\/fr\/non-classifiee\/pierre-benoit-un-horizon-plus-large\/\" \/>\n<meta property=\"og:site_name\" content=\"New Humanity\" \/>\n<meta property=\"article:published_time\" content=\"2022-07-14T13:28:30+00:00\" \/>\n<meta property=\"article:modified_time\" content=\"2022-07-19T09:19:30+00:00\" \/>\n<meta property=\"og:image\" content=\"https:\/\/www.new-humanity.org\/wp-content\/uploads\/2022\/07\/Pierre-1.jpeg\" \/>\n\t<meta property=\"og:image:width\" content=\"1776\" \/>\n\t<meta property=\"og:image:height\" content=\"1153\" \/>\n\t<meta property=\"og:image:type\" content=\"image\/jpeg\" \/>\n<meta name=\"author\" content=\"Melissa\" \/>\n<meta name=\"twitter:card\" content=\"summary_large_image\" \/>\n<meta name=\"twitter:label1\" content=\"\u00c9crit par\" \/>\n\t<meta name=\"twitter:data1\" content=\"Melissa\" \/>\n\t<meta name=\"twitter:label2\" content=\"Dur\u00e9e de lecture estim\u00e9e\" \/>\n\t<meta name=\"twitter:data2\" content=\"6 minutes\" \/>\n<script type=\"application\/ld+json\" class=\"yoast-schema-graph\">{\"@context\":\"https:\/\/schema.org\",\"@graph\":[{\"@type\":\"Article\",\"@id\":\"https:\/\/www.new-humanity.org\/fr\/non-classifiee\/pierre-benoit-un-horizon-plus-large\/#article\",\"isPartOf\":{\"@id\":\"https:\/\/www.new-humanity.org\/fr\/non-classifiee\/pierre-benoit-un-horizon-plus-large\/\"},\"author\":{\"name\":\"Melissa\",\"@id\":\"https:\/\/www.new-humanity.org\/fr\/#\/schema\/person\/684916362421d43cc6c235b2338acee0\"},\"headline\":\"Pierre Benoit : un horizon plus large !\",\"datePublished\":\"2022-07-14T13:28:30+00:00\",\"dateModified\":\"2022-07-19T09:19:30+00:00\",\"mainEntityOfPage\":{\"@id\":\"https:\/\/www.new-humanity.org\/fr\/non-classifiee\/pierre-benoit-un-horizon-plus-large\/\"},\"wordCount\":1041,\"publisher\":{\"@id\":\"https:\/\/www.new-humanity.org\/fr\/#organization\"},\"articleSection\":[\"Non classifi\u00e9(e)\"],\"inLanguage\":\"fr-FR\"},{\"@type\":\"WebPage\",\"@id\":\"https:\/\/www.new-humanity.org\/fr\/non-classifiee\/pierre-benoit-un-horizon-plus-large\/\",\"url\":\"https:\/\/www.new-humanity.org\/fr\/non-classifiee\/pierre-benoit-un-horizon-plus-large\/\",\"name\":\"Pierre Benoit : un horizon plus large ! | New Humanity\",\"isPartOf\":{\"@id\":\"https:\/\/www.new-humanity.org\/fr\/#website\"},\"datePublished\":\"2022-07-14T13:28:30+00:00\",\"dateModified\":\"2022-07-19T09:19:30+00:00\",\"description\":\"Le 19 juillet 2021, Pierre Benoit nous quittait. Son souvenir un an apr\u00e8s sa mort, avec gratitude pour un grand h\u00e9ritage\u00a0! par Paolo Balduzzi &nbsp; Fin\",\"breadcrumb\":{\"@id\":\"https:\/\/www.new-humanity.org\/fr\/non-classifiee\/pierre-benoit-un-horizon-plus-large\/#breadcrumb\"},\"inLanguage\":\"fr-FR\",\"potentialAction\":[{\"@type\":\"ReadAction\",\"target\":[\"https:\/\/www.new-humanity.org\/fr\/non-classifiee\/pierre-benoit-un-horizon-plus-large\/\"]}]},{\"@type\":\"BreadcrumbList\",\"@id\":\"https:\/\/www.new-humanity.org\/fr\/non-classifiee\/pierre-benoit-un-horizon-plus-large\/#breadcrumb\",\"itemListElement\":[{\"@type\":\"ListItem\",\"position\":1,\"name\":\"Home\",\"item\":\"https:\/\/www.new-humanity.org\/fr\/\"},{\"@type\":\"ListItem\",\"position\":2,\"name\":\"Pierre Benoit : un horizon plus large !\"}]},{\"@type\":\"WebSite\",\"@id\":\"https:\/\/www.new-humanity.org\/fr\/#website\",\"url\":\"https:\/\/www.new-humanity.org\/fr\/\",\"name\":\"New Humanity\",\"description\":\"Per un mondo unito\",\"publisher\":{\"@id\":\"https:\/\/www.new-humanity.org\/fr\/#organization\"},\"potentialAction\":[{\"@type\":\"SearchAction\",\"target\":{\"@type\":\"EntryPoint\",\"urlTemplate\":\"https:\/\/www.new-humanity.org\/fr\/?s={search_term_string}\"},\"query-input\":\"required name=search_term_string\"}],\"inLanguage\":\"fr-FR\"},{\"@type\":\"Organization\",\"@id\":\"https:\/\/www.new-humanity.org\/fr\/#organization\",\"name\":\"New Humanity\",\"url\":\"https:\/\/www.new-humanity.org\/fr\/\",\"logo\":{\"@type\":\"ImageObject\",\"inLanguage\":\"fr-FR\",\"@id\":\"https:\/\/www.new-humanity.org\/fr\/#\/schema\/logo\/image\/\",\"url\":\"https:\/\/www.new-humanity.org\/wp-content\/uploads\/2022\/01\/logo.jpg\",\"contentUrl\":\"https:\/\/www.new-humanity.org\/wp-content\/uploads\/2022\/01\/logo.jpg\",\"width\":520,\"height\":128,\"caption\":\"New Humanity\"},\"image\":{\"@id\":\"https:\/\/www.new-humanity.org\/fr\/#\/schema\/logo\/image\/\"}},{\"@type\":\"Person\",\"@id\":\"https:\/\/www.new-humanity.org\/fr\/#\/schema\/person\/684916362421d43cc6c235b2338acee0\",\"name\":\"Melissa\",\"image\":{\"@type\":\"ImageObject\",\"inLanguage\":\"fr-FR\",\"@id\":\"https:\/\/www.new-humanity.org\/fr\/#\/schema\/person\/image\/\",\"url\":\"https:\/\/secure.gravatar.com\/avatar\/a5818b2135d7f551f240759fb84d964d?s=96&d=mm&r=g\",\"contentUrl\":\"https:\/\/secure.gravatar.com\/avatar\/a5818b2135d7f551f240759fb84d964d?s=96&d=mm&r=g\",\"caption\":\"Melissa\"}}]}<\/script>\n<!-- \/ Yoast SEO plugin. -->","yoast_head_json":{"title":"Pierre Benoit : un horizon plus large ! | New Humanity","description":"Le 19 juillet 2021, Pierre Benoit nous quittait. Son souvenir un an apr\u00e8s sa mort, avec gratitude pour un grand h\u00e9ritage\u00a0! par Paolo Balduzzi &nbsp; Fin","robots":{"index":"index","follow":"follow","max-snippet":"max-snippet:-1","max-image-preview":"max-image-preview:large","max-video-preview":"max-video-preview:-1"},"canonical":"https:\/\/www.new-humanity.org\/fr\/non-classifiee\/pierre-benoit-un-horizon-plus-large\/","og_locale":"fr_FR","og_type":"article","og_title":"Pierre Benoit : un horizon plus large ! | New Humanity","og_description":"Le 19 juillet 2021, Pierre Benoit nous quittait. Son souvenir un an apr\u00e8s sa mort, avec gratitude pour un grand h\u00e9ritage\u00a0! par Paolo Balduzzi &nbsp; Fin","og_url":"https:\/\/www.new-humanity.org\/fr\/non-classifiee\/pierre-benoit-un-horizon-plus-large\/","og_site_name":"New Humanity","article_published_time":"2022-07-14T13:28:30+00:00","article_modified_time":"2022-07-19T09:19:30+00:00","og_image":[{"width":1776,"height":1153,"url":"https:\/\/www.new-humanity.org\/wp-content\/uploads\/2022\/07\/Pierre-1.jpeg","type":"image\/jpeg"}],"author":"Melissa","twitter_card":"summary_large_image","twitter_misc":{"\u00c9crit par":"Melissa","Dur\u00e9e de lecture estim\u00e9e":"6 minutes"},"schema":{"@context":"https:\/\/schema.org","@graph":[{"@type":"Article","@id":"https:\/\/www.new-humanity.org\/fr\/non-classifiee\/pierre-benoit-un-horizon-plus-large\/#article","isPartOf":{"@id":"https:\/\/www.new-humanity.org\/fr\/non-classifiee\/pierre-benoit-un-horizon-plus-large\/"},"author":{"name":"Melissa","@id":"https:\/\/www.new-humanity.org\/fr\/#\/schema\/person\/684916362421d43cc6c235b2338acee0"},"headline":"Pierre Benoit : un horizon plus large !","datePublished":"2022-07-14T13:28:30+00:00","dateModified":"2022-07-19T09:19:30+00:00","mainEntityOfPage":{"@id":"https:\/\/www.new-humanity.org\/fr\/non-classifiee\/pierre-benoit-un-horizon-plus-large\/"},"wordCount":1041,"publisher":{"@id":"https:\/\/www.new-humanity.org\/fr\/#organization"},"articleSection":["Non classifi\u00e9(e)"],"inLanguage":"fr-FR"},{"@type":"WebPage","@id":"https:\/\/www.new-humanity.org\/fr\/non-classifiee\/pierre-benoit-un-horizon-plus-large\/","url":"https:\/\/www.new-humanity.org\/fr\/non-classifiee\/pierre-benoit-un-horizon-plus-large\/","name":"Pierre Benoit : un horizon plus large ! | New Humanity","isPartOf":{"@id":"https:\/\/www.new-humanity.org\/fr\/#website"},"datePublished":"2022-07-14T13:28:30+00:00","dateModified":"2022-07-19T09:19:30+00:00","description":"Le 19 juillet 2021, Pierre Benoit nous quittait. Son souvenir un an apr\u00e8s sa mort, avec gratitude pour un grand h\u00e9ritage\u00a0! par Paolo Balduzzi &nbsp; Fin","breadcrumb":{"@id":"https:\/\/www.new-humanity.org\/fr\/non-classifiee\/pierre-benoit-un-horizon-plus-large\/#breadcrumb"},"inLanguage":"fr-FR","potentialAction":[{"@type":"ReadAction","target":["https:\/\/www.new-humanity.org\/fr\/non-classifiee\/pierre-benoit-un-horizon-plus-large\/"]}]},{"@type":"BreadcrumbList","@id":"https:\/\/www.new-humanity.org\/fr\/non-classifiee\/pierre-benoit-un-horizon-plus-large\/#breadcrumb","itemListElement":[{"@type":"ListItem","position":1,"name":"Home","item":"https:\/\/www.new-humanity.org\/fr\/"},{"@type":"ListItem","position":2,"name":"Pierre Benoit : un horizon plus large !"}]},{"@type":"WebSite","@id":"https:\/\/www.new-humanity.org\/fr\/#website","url":"https:\/\/www.new-humanity.org\/fr\/","name":"New Humanity","description":"Per un mondo unito","publisher":{"@id":"https:\/\/www.new-humanity.org\/fr\/#organization"},"potentialAction":[{"@type":"SearchAction","target":{"@type":"EntryPoint","urlTemplate":"https:\/\/www.new-humanity.org\/fr\/?s={search_term_string}"},"query-input":"required name=search_term_string"}],"inLanguage":"fr-FR"},{"@type":"Organization","@id":"https:\/\/www.new-humanity.org\/fr\/#organization","name":"New Humanity","url":"https:\/\/www.new-humanity.org\/fr\/","logo":{"@type":"ImageObject","inLanguage":"fr-FR","@id":"https:\/\/www.new-humanity.org\/fr\/#\/schema\/logo\/image\/","url":"https:\/\/www.new-humanity.org\/wp-content\/uploads\/2022\/01\/logo.jpg","contentUrl":"https:\/\/www.new-humanity.org\/wp-content\/uploads\/2022\/01\/logo.jpg","width":520,"height":128,"caption":"New Humanity"},"image":{"@id":"https:\/\/www.new-humanity.org\/fr\/#\/schema\/logo\/image\/"}},{"@type":"Person","@id":"https:\/\/www.new-humanity.org\/fr\/#\/schema\/person\/684916362421d43cc6c235b2338acee0","name":"Melissa","image":{"@type":"ImageObject","inLanguage":"fr-FR","@id":"https:\/\/www.new-humanity.org\/fr\/#\/schema\/person\/image\/","url":"https:\/\/secure.gravatar.com\/avatar\/a5818b2135d7f551f240759fb84d964d?s=96&d=mm&r=g","contentUrl":"https:\/\/secure.gravatar.com\/avatar\/a5818b2135d7f551f240759fb84d964d?s=96&d=mm&r=g","caption":"Melissa"}}]}},"_links":{"self":[{"href":"https:\/\/www.new-humanity.org\/fr\/wp-json\/wp\/v2\/posts\/6049"}],"collection":[{"href":"https:\/\/www.new-humanity.org\/fr\/wp-json\/wp\/v2\/posts"}],"about":[{"href":"https:\/\/www.new-humanity.org\/fr\/wp-json\/wp\/v2\/types\/post"}],"author":[{"embeddable":true,"href":"https:\/\/www.new-humanity.org\/fr\/wp-json\/wp\/v2\/users\/7"}],"replies":[{"embeddable":true,"href":"https:\/\/www.new-humanity.org\/fr\/wp-json\/wp\/v2\/comments?post=6049"}],"version-history":[{"count":1,"href":"https:\/\/www.new-humanity.org\/fr\/wp-json\/wp\/v2\/posts\/6049\/revisions"}],"predecessor-version":[{"id":6050,"href":"https:\/\/www.new-humanity.org\/fr\/wp-json\/wp\/v2\/posts\/6049\/revisions\/6050"}],"wp:featuredmedia":[{"embeddable":true,"href":"https:\/\/www.new-humanity.org\/fr\/wp-json\/wp\/v2\/media\/6025"}],"wp:attachment":[{"href":"https:\/\/www.new-humanity.org\/fr\/wp-json\/wp\/v2\/media?parent=6049"}],"wp:term":[{"taxonomy":"category","embeddable":true,"href":"https:\/\/www.new-humanity.org\/fr\/wp-json\/wp\/v2\/categories?post=6049"},{"taxonomy":"post_tag","embeddable":true,"href":"https:\/\/www.new-humanity.org\/fr\/wp-json\/wp\/v2\/tags?post=6049"},{"taxonomy":"ambiti","embeddable":true,"href":"https:\/\/www.new-humanity.org\/fr\/wp-json\/wp\/v2\/ambiti?post=6049"},{"taxonomy":"luogo","embeddable":true,"href":"https:\/\/www.new-humanity.org\/fr\/wp-json\/wp\/v2\/luogo?post=6049"},{"taxonomy":"progetto","embeddable":true,"href":"https:\/\/www.new-humanity.org\/fr\/wp-json\/wp\/v2\/progetto?post=6049"}],"curies":[{"name":"wp","href":"https:\/\/api.w.org\/{rel}","templated":true}]}}