{"id":8434,"date":"2024-01-30T15:14:50","date_gmt":"2024-01-30T14:14:50","guid":{"rendered":"https:\/\/www.new-humanity.org\/non-classifiee\/towards-genfest-2024\/"},"modified":"2024-01-30T15:33:48","modified_gmt":"2024-01-30T14:33:48","slug":"towards-genfest-2024","status":"publish","type":"post","link":"https:\/\/www.new-humanity.org\/fr\/jeunes\/towards-genfest-2024\/","title":{"rendered":"Vers le Genfest 2024"},"content":{"rendered":"<p>Du 12 au 24 juillet 2024 aura lieu le Genfest, rencontre mondiale des jeunes du Mouvement des Focolari. Cette \u00e9dition riche en nouveaut\u00e9s, se d\u00e9roulera en diff\u00e9rents points de l\u2019Am\u00e9rique latine o\u00f9 les jeunes seront impliqu\u00e9s dans des \u0153uvres sociales, avec un moment central dans la ville d\u2019Aparecida, au Br\u00e9sil. C\u2019est pr\u00e9cis\u00e9ment de l\u00e0 que les jeunes des Focolari nous parlent de l\u2019\u00e9v\u00e9nement et des pr\u00e9paratifs.<\/p>\n<p>&nbsp;<\/p>\n<p><div class=\"cookieconsent-optout-marketing\">\n                        <a href=\"javascript:Cookiebot.renew()\" style=\"background: url(https:\/\/www.new-humanity.org\/wp-content\/plugins\/yt-placeholder-cookiebot\/assets\/placeholder.jpg) no-repeat center center \/ cover; aspect-ratio: 1 \/ 0.48; width: 100%; display: block; margin: 20px 0; position: relative; background-size: cover; background-position: center;\">\n                            <span style=\"position: absolute; bottom: 20px; width: 100%; padding: 0 5%; text-align: center; box-sizing: border-box;\">Pour voir cette vid\u00e9o, vous devez activer tous les cookies<\/span>\n                        <\/a>\n                   <\/div><iframe loading=\"lazy\" title=\"YouTube video player\" src=\"https:\/\/www.youtube.com\/embed\/_Pi4Ncg45R0?si=4NhJ1pC5m-2kvMUo\" width=\"560\" height=\"315\" frameborder=\"0\" allowfullscreen=\"allowfullscreen\"><\/iframe><\/p>\n<h2 style=\"text-align: center;\"><a href=\"https:\/\/genfest.org\/\" target=\"_blank\" rel=\"noopener\">&#x27a1;&#xfe0f; Inscriptions ouverte!<\/a><\/h2>\n<p><img decoding=\"async\" loading=\"lazy\" class=\"aligncenter wp-image-8463 size-full\" src=\"https:\/\/www.new-humanity.org\/wp-content\/uploads\/2024\/01\/FR-BANNER.png\" alt=\"\" width=\"1640\" height=\"924\" srcset=\"https:\/\/www.new-humanity.org\/wp-content\/uploads\/2024\/01\/FR-BANNER.png 1640w, https:\/\/www.new-humanity.org\/wp-content\/uploads\/2024\/01\/FR-BANNER-300x169.png 300w, https:\/\/www.new-humanity.org\/wp-content\/uploads\/2024\/01\/FR-BANNER-1024x577.png 1024w, https:\/\/www.new-humanity.org\/wp-content\/uploads\/2024\/01\/FR-BANNER-768x433.png 768w, https:\/\/www.new-humanity.org\/wp-content\/uploads\/2024\/01\/FR-BANNER-1536x865.png 1536w\" sizes=\"(max-width: 1640px) 100vw, 1640px\" \/><\/p>\n<p style=\"text-align: center;\"><strong>&#x27a1;&#xfe0f; <\/strong><strong><a href=\"https:\/\/www.new-humanity.org\/fr\/des-dons\/soutien-au-projet-united-world-project-genfest-2024-bresil-juntos-para-cuidar-together-to-care\/\"><span lang=\"EN-GB\">Soutien au Projet United World Project \u2013 Genfest 2024 \u2013 Br\u00e9sil (<\/span><span lang=\"EN-GB\">\u201cJuntos para Cuidar \u2013 Together to Care\u201d<\/span><span lang=\"EN-GB\">)&nbsp;<\/span><\/a><\/strong><\/p>\n","protected":false},"excerpt":{"rendered":"<p>Du 12 au 24 juillet 2024 aura lieu le Genfest, rencontre mondiale des jeunes du Mouvement des Focolari. Cette \u00e9dition riche en nouveaut\u00e9s, se d\u00e9roulera en diff\u00e9rents points de l\u2019Am\u00e9rique latine o\u00f9 les jeunes seront impliqu\u00e9s dans des \u0153uvres sociales, avec un moment central dans la ville d\u2019Aparecida, au Br\u00e9sil. C\u2019est pr\u00e9cis\u00e9ment de l\u00e0 que [&hellip;]<\/p>\n","protected":false},"author":15,"featured_media":8467,"comment_status":"closed","ping_status":"open","sticky":false,"template":"","format":"standard","meta":{"ngg_post_thumbnail":0,"footnotes":""},"categories":[338],"tags":[],"ambiti":[],"luogo":[],"progetto":[],"acf":[],"yoast_head":"<!-- This site is optimized with the Yoast SEO plugin v21.9.1 - https:\/\/yoast.com\/wordpress\/plugins\/seo\/ -->\n<title>Vers le Genfest 2024 | New Humanity<\/title>\n<meta name=\"description\" content=\"Du 12 au 24 juillet 2024 aura lieu le Genfest, rencontre mondiale des jeunes du Mouvement des Focolari. Cette \u00e9dition riche en nouveaut\u00e9s, se d\u00e9roulera en\" \/>\n<meta name=\"robots\" content=\"index, follow, max-snippet:-1, max-image-preview:large, max-video-preview:-1\" \/>\n<link rel=\"canonical\" href=\"https:\/\/www.new-humanity.org\/fr\/jeunes\/towards-genfest-2024\/\" \/>\n<meta property=\"og:locale\" content=\"fr_FR\" \/>\n<meta property=\"og:type\" content=\"article\" \/>\n<meta property=\"og:title\" content=\"Vers le Genfest 2024 | New Humanity\" \/>\n<meta property=\"og:description\" content=\"Du 12 au 24 juillet 2024 aura lieu le Genfest, rencontre mondiale des jeunes du Mouvement des Focolari. Cette \u00e9dition riche en nouveaut\u00e9s, se d\u00e9roulera en\" \/>\n<meta property=\"og:url\" content=\"https:\/\/www.new-humanity.org\/fr\/jeunes\/towards-genfest-2024\/\" \/>\n<meta property=\"og:site_name\" content=\"New Humanity\" \/>\n<meta property=\"article:published_time\" content=\"2024-01-30T14:14:50+00:00\" \/>\n<meta property=\"article:modified_time\" content=\"2024-01-30T14:33:48+00:00\" \/>\n<meta property=\"og:image\" content=\"https:\/\/www.new-humanity.org\/wp-content\/uploads\/2024\/01\/FR-BANNER-1.png\" \/>\n\t<meta property=\"og:image:width\" content=\"1121\" \/>\n\t<meta property=\"og:image:height\" content=\"812\" \/>\n\t<meta property=\"og:image:type\" content=\"image\/png\" \/>\n<meta name=\"author\" content=\"Ana Clara\" \/>\n<meta name=\"twitter:card\" content=\"summary_large_image\" \/>\n<meta name=\"twitter:label1\" content=\"\u00c9crit par\" \/>\n\t<meta name=\"twitter:data1\" content=\"Ana Clara\" \/>\n\t<meta name=\"twitter:label2\" content=\"Dur\u00e9e de lecture estim\u00e9e\" \/>\n\t<meta name=\"twitter:data2\" content=\"1 minute\" \/>\n<script type=\"application\/ld+json\" class=\"yoast-schema-graph\">{\"@context\":\"https:\/\/schema.org\",\"@graph\":[{\"@type\":\"Article\",\"@id\":\"https:\/\/www.new-humanity.org\/fr\/jeunes\/towards-genfest-2024\/#article\",\"isPartOf\":{\"@id\":\"https:\/\/www.new-humanity.org\/fr\/jeunes\/towards-genfest-2024\/\"},\"author\":{\"name\":\"Ana Clara\",\"@id\":\"https:\/\/www.new-humanity.org\/fr\/#\/schema\/person\/d2b094c50c91a942f9903b5a6c9359ad\"},\"headline\":\"Vers le Genfest 2024\",\"datePublished\":\"2024-01-30T14:14:50+00:00\",\"dateModified\":\"2024-01-30T14:33:48+00:00\",\"mainEntityOfPage\":{\"@id\":\"https:\/\/www.new-humanity.org\/fr\/jeunes\/towards-genfest-2024\/\"},\"wordCount\":107,\"publisher\":{\"@id\":\"https:\/\/www.new-humanity.org\/fr\/#organization\"},\"articleSection\":[\"Jeunes\"],\"inLanguage\":\"fr-FR\"},{\"@type\":\"WebPage\",\"@id\":\"https:\/\/www.new-humanity.org\/fr\/jeunes\/towards-genfest-2024\/\",\"url\":\"https:\/\/www.new-humanity.org\/fr\/jeunes\/towards-genfest-2024\/\",\"name\":\"Vers le Genfest 2024 | New Humanity\",\"isPartOf\":{\"@id\":\"https:\/\/www.new-humanity.org\/fr\/#website\"},\"datePublished\":\"2024-01-30T14:14:50+00:00\",\"dateModified\":\"2024-01-30T14:33:48+00:00\",\"description\":\"Du 12 au 24 juillet 2024 aura lieu le Genfest, rencontre mondiale des jeunes du Mouvement des Focolari. Cette \u00e9dition riche en nouveaut\u00e9s, se d\u00e9roulera en\",\"breadcrumb\":{\"@id\":\"https:\/\/www.new-humanity.org\/fr\/jeunes\/towards-genfest-2024\/#breadcrumb\"},\"inLanguage\":\"fr-FR\",\"potentialAction\":[{\"@type\":\"ReadAction\",\"target\":[\"https:\/\/www.new-humanity.org\/fr\/jeunes\/towards-genfest-2024\/\"]}]},{\"@type\":\"BreadcrumbList\",\"@id\":\"https:\/\/www.new-humanity.org\/fr\/jeunes\/towards-genfest-2024\/#breadcrumb\",\"itemListElement\":[{\"@type\":\"ListItem\",\"position\":1,\"name\":\"Home\",\"item\":\"https:\/\/www.new-humanity.org\/fr\/\"},{\"@type\":\"ListItem\",\"position\":2,\"name\":\"Vers le Genfest 2024\"}]},{\"@type\":\"WebSite\",\"@id\":\"https:\/\/www.new-humanity.org\/fr\/#website\",\"url\":\"https:\/\/www.new-humanity.org\/fr\/\",\"name\":\"New Humanity\",\"description\":\"Per un mondo unito\",\"publisher\":{\"@id\":\"https:\/\/www.new-humanity.org\/fr\/#organization\"},\"potentialAction\":[{\"@type\":\"SearchAction\",\"target\":{\"@type\":\"EntryPoint\",\"urlTemplate\":\"https:\/\/www.new-humanity.org\/fr\/?s={search_term_string}\"},\"query-input\":\"required name=search_term_string\"}],\"inLanguage\":\"fr-FR\"},{\"@type\":\"Organization\",\"@id\":\"https:\/\/www.new-humanity.org\/fr\/#organization\",\"name\":\"New Humanity\",\"url\":\"https:\/\/www.new-humanity.org\/fr\/\",\"logo\":{\"@type\":\"ImageObject\",\"inLanguage\":\"fr-FR\",\"@id\":\"https:\/\/www.new-humanity.org\/fr\/#\/schema\/logo\/image\/\",\"url\":\"https:\/\/www.new-humanity.org\/wp-content\/uploads\/2022\/01\/logo.jpg\",\"contentUrl\":\"https:\/\/www.new-humanity.org\/wp-content\/uploads\/2022\/01\/logo.jpg\",\"width\":520,\"height\":128,\"caption\":\"New Humanity\"},\"image\":{\"@id\":\"https:\/\/www.new-humanity.org\/fr\/#\/schema\/logo\/image\/\"}},{\"@type\":\"Person\",\"@id\":\"https:\/\/www.new-humanity.org\/fr\/#\/schema\/person\/d2b094c50c91a942f9903b5a6c9359ad\",\"name\":\"Ana Clara\",\"image\":{\"@type\":\"ImageObject\",\"inLanguage\":\"fr-FR\",\"@id\":\"https:\/\/www.new-humanity.org\/fr\/#\/schema\/person\/image\/\",\"url\":\"https:\/\/secure.gravatar.com\/avatar\/9bc08035bfa6f029408034ac95ddd9b4?s=96&d=mm&r=g\",\"contentUrl\":\"https:\/\/secure.gravatar.com\/avatar\/9bc08035bfa6f029408034ac95ddd9b4?s=96&d=mm&r=g\",\"caption\":\"Ana Clara\"}}]}<\/script>\n<!-- \/ Yoast SEO plugin. -->","yoast_head_json":{"title":"Vers le Genfest 2024 | New Humanity","description":"Du 12 au 24 juillet 2024 aura lieu le Genfest, rencontre mondiale des jeunes du Mouvement des Focolari. Cette \u00e9dition riche en nouveaut\u00e9s, se d\u00e9roulera en","robots":{"index":"index","follow":"follow","max-snippet":"max-snippet:-1","max-image-preview":"max-image-preview:large","max-video-preview":"max-video-preview:-1"},"canonical":"https:\/\/www.new-humanity.org\/fr\/jeunes\/towards-genfest-2024\/","og_locale":"fr_FR","og_type":"article","og_title":"Vers le Genfest 2024 | New Humanity","og_description":"Du 12 au 24 juillet 2024 aura lieu le Genfest, rencontre mondiale des jeunes du Mouvement des Focolari. Cette \u00e9dition riche en nouveaut\u00e9s, se d\u00e9roulera en","og_url":"https:\/\/www.new-humanity.org\/fr\/jeunes\/towards-genfest-2024\/","og_site_name":"New Humanity","article_published_time":"2024-01-30T14:14:50+00:00","article_modified_time":"2024-01-30T14:33:48+00:00","og_image":[{"width":1121,"height":812,"url":"https:\/\/www.new-humanity.org\/wp-content\/uploads\/2024\/01\/FR-BANNER-1.png","type":"image\/png"}],"author":"Ana Clara","twitter_card":"summary_large_image","twitter_misc":{"\u00c9crit par":"Ana Clara","Dur\u00e9e de lecture estim\u00e9e":"1 minute"},"schema":{"@context":"https:\/\/schema.org","@graph":[{"@type":"Article","@id":"https:\/\/www.new-humanity.org\/fr\/jeunes\/towards-genfest-2024\/#article","isPartOf":{"@id":"https:\/\/www.new-humanity.org\/fr\/jeunes\/towards-genfest-2024\/"},"author":{"name":"Ana Clara","@id":"https:\/\/www.new-humanity.org\/fr\/#\/schema\/person\/d2b094c50c91a942f9903b5a6c9359ad"},"headline":"Vers le Genfest 2024","datePublished":"2024-01-30T14:14:50+00:00","dateModified":"2024-01-30T14:33:48+00:00","mainEntityOfPage":{"@id":"https:\/\/www.new-humanity.org\/fr\/jeunes\/towards-genfest-2024\/"},"wordCount":107,"publisher":{"@id":"https:\/\/www.new-humanity.org\/fr\/#organization"},"articleSection":["Jeunes"],"inLanguage":"fr-FR"},{"@type":"WebPage","@id":"https:\/\/www.new-humanity.org\/fr\/jeunes\/towards-genfest-2024\/","url":"https:\/\/www.new-humanity.org\/fr\/jeunes\/towards-genfest-2024\/","name":"Vers le Genfest 2024 | New Humanity","isPartOf":{"@id":"https:\/\/www.new-humanity.org\/fr\/#website"},"datePublished":"2024-01-30T14:14:50+00:00","dateModified":"2024-01-30T14:33:48+00:00","description":"Du 12 au 24 juillet 2024 aura lieu le Genfest, rencontre mondiale des jeunes du Mouvement des Focolari. Cette \u00e9dition riche en nouveaut\u00e9s, se d\u00e9roulera en","breadcrumb":{"@id":"https:\/\/www.new-humanity.org\/fr\/jeunes\/towards-genfest-2024\/#breadcrumb"},"inLanguage":"fr-FR","potentialAction":[{"@type":"ReadAction","target":["https:\/\/www.new-humanity.org\/fr\/jeunes\/towards-genfest-2024\/"]}]},{"@type":"BreadcrumbList","@id":"https:\/\/www.new-humanity.org\/fr\/jeunes\/towards-genfest-2024\/#breadcrumb","itemListElement":[{"@type":"ListItem","position":1,"name":"Home","item":"https:\/\/www.new-humanity.org\/fr\/"},{"@type":"ListItem","position":2,"name":"Vers le Genfest 2024"}]},{"@type":"WebSite","@id":"https:\/\/www.new-humanity.org\/fr\/#website","url":"https:\/\/www.new-humanity.org\/fr\/","name":"New Humanity","description":"Per un mondo unito","publisher":{"@id":"https:\/\/www.new-humanity.org\/fr\/#organization"},"potentialAction":[{"@type":"SearchAction","target":{"@type":"EntryPoint","urlTemplate":"https:\/\/www.new-humanity.org\/fr\/?s={search_term_string}"},"query-input":"required name=search_term_string"}],"inLanguage":"fr-FR"},{"@type":"Organization","@id":"https:\/\/www.new-humanity.org\/fr\/#organization","name":"New Humanity","url":"https:\/\/www.new-humanity.org\/fr\/","logo":{"@type":"ImageObject","inLanguage":"fr-FR","@id":"https:\/\/www.new-humanity.org\/fr\/#\/schema\/logo\/image\/","url":"https:\/\/www.new-humanity.org\/wp-content\/uploads\/2022\/01\/logo.jpg","contentUrl":"https:\/\/www.new-humanity.org\/wp-content\/uploads\/2022\/01\/logo.jpg","width":520,"height":128,"caption":"New Humanity"},"image":{"@id":"https:\/\/www.new-humanity.org\/fr\/#\/schema\/logo\/image\/"}},{"@type":"Person","@id":"https:\/\/www.new-humanity.org\/fr\/#\/schema\/person\/d2b094c50c91a942f9903b5a6c9359ad","name":"Ana Clara","image":{"@type":"ImageObject","inLanguage":"fr-FR","@id":"https:\/\/www.new-humanity.org\/fr\/#\/schema\/person\/image\/","url":"https:\/\/secure.gravatar.com\/avatar\/9bc08035bfa6f029408034ac95ddd9b4?s=96&d=mm&r=g","contentUrl":"https:\/\/secure.gravatar.com\/avatar\/9bc08035bfa6f029408034ac95ddd9b4?s=96&d=mm&r=g","caption":"Ana Clara"}}]}},"_links":{"self":[{"href":"https:\/\/www.new-humanity.org\/fr\/wp-json\/wp\/v2\/posts\/8434"}],"collection":[{"href":"https:\/\/www.new-humanity.org\/fr\/wp-json\/wp\/v2\/posts"}],"about":[{"href":"https:\/\/www.new-humanity.org\/fr\/wp-json\/wp\/v2\/types\/post"}],"author":[{"embeddable":true,"href":"https:\/\/www.new-humanity.org\/fr\/wp-json\/wp\/v2\/users\/15"}],"replies":[{"embeddable":true,"href":"https:\/\/www.new-humanity.org\/fr\/wp-json\/wp\/v2\/comments?post=8434"}],"version-history":[{"count":3,"href":"https:\/\/www.new-humanity.org\/fr\/wp-json\/wp\/v2\/posts\/8434\/revisions"}],"predecessor-version":[{"id":8471,"href":"https:\/\/www.new-humanity.org\/fr\/wp-json\/wp\/v2\/posts\/8434\/revisions\/8471"}],"wp:featuredmedia":[{"embeddable":true,"href":"https:\/\/www.new-humanity.org\/fr\/wp-json\/wp\/v2\/media\/8467"}],"wp:attachment":[{"href":"https:\/\/www.new-humanity.org\/fr\/wp-json\/wp\/v2\/media?parent=8434"}],"wp:term":[{"taxonomy":"category","embeddable":true,"href":"https:\/\/www.new-humanity.org\/fr\/wp-json\/wp\/v2\/categories?post=8434"},{"taxonomy":"post_tag","embeddable":true,"href":"https:\/\/www.new-humanity.org\/fr\/wp-json\/wp\/v2\/tags?post=8434"},{"taxonomy":"ambiti","embeddable":true,"href":"https:\/\/www.new-humanity.org\/fr\/wp-json\/wp\/v2\/ambiti?post=8434"},{"taxonomy":"luogo","embeddable":true,"href":"https:\/\/www.new-humanity.org\/fr\/wp-json\/wp\/v2\/luogo?post=8434"},{"taxonomy":"progetto","embeddable":true,"href":"https:\/\/www.new-humanity.org\/fr\/wp-json\/wp\/v2\/progetto?post=8434"}],"curies":[{"name":"wp","href":"https:\/\/api.w.org\/{rel}","templated":true}]}}