{"id":8525,"date":"2024-02-07T11:31:34","date_gmt":"2024-02-07T10:31:34","guid":{"rendered":"https:\/\/www.new-humanity.org\/?p=8525"},"modified":"2024-02-07T11:35:55","modified_gmt":"2024-02-07T10:35:55","slug":"dialop-courage-et-engagement-pour-rever-un-monde-meilleur","status":"publish","type":"post","link":"https:\/\/www.new-humanity.org\/fr\/politique-et-bien-commun\/dialop-courage-et-engagement-pour-rever-un-monde-meilleur\/","title":{"rendered":"Dialop : \u201cCourage et engagement pour r\u00eaver un monde meilleur\u201d."},"content":{"rendered":"<p><em>Une audience avec Fran\u00e7ois le mercredi 10 janvier et ensuite trois jours de r\u00e9flexion \u00e0 la Conf\u00e9rence sur l\u2019Ecologie int\u00e9grale \u00e0 l\u2019Institut universitaire Sophia de Loppiano. Deux \u00e9tapes fondamentales sur le chemin du dialogue entre catholiques et marxistes sur les grandes questions, \u00e0 commencer par la paix<\/em>.<\/p>\n<figure id=\"attachment_260773\" class=\"wp-caption alignright\" aria-describedby=\"caption-attachment-260773\"><img decoding=\"async\" loading=\"lazy\" class=\"wp-image-260773 size-full\" src=\"https:\/\/www.focolare.org\/wp-content\/uploads\/2024\/01\/Dialop-dal-papa-300x225-1-e1705675957782.jpeg\" alt=\"\" width=\"299\" height=\"176\"><figcaption id=\"caption-attachment-260773\" class=\"wp-caption-text\">Foto Giulio Meazzini<\/figcaption><\/figure>\n<p>M\u00eame s\u2019il ne s\u2019agissait que d\u2019allusions, elles sont si significatives que le parcours de Dialop peut \u00eatre consid\u00e9r\u00e9 comme une sorte d\u2019observateur sp\u00e9cial appr\u00e9ci\u00e9 de la part de l\u2019\u00c9glise catholique. L\u2019initiative \u2013 cr\u00e9\u00e9e en 2014 pour favoriser le dialogue entre chr\u00e9tiens et marxistes \u2013 a connu une \u00e9tape importante lors de son audience priv\u00e9e avec le pape Fran\u00e7ois, mercredi 10 janvier. Il devait s\u2019agir d\u2019une salutation de dix minutes. Cela aurait d\u00e9j\u00e0 \u00e9t\u00e9 une belle r\u00e9ussite. Mais Bergoglio est rest\u00e9 40 minutes avec la d\u00e9l\u00e9gation (huit catholiques et sept marxistes).<\/p>\n<p>\u201cDans un monde divis\u00e9 par les guerres et les polarisations, a commenc\u00e9 le pape, \u201cne vous encourez pas, n\u2019abandonnez pas, ne cessez pas de r\u00eaver d\u2019un monde meilleur\u201d, car \u201cce sont pr\u00e9cis\u00e9ment les grands r\u00eaves de libert\u00e9 et d\u2019\u00e9galit\u00e9 qui ont produit des perc\u00e9es et des progr\u00e8s\u201d. Il a recommand\u00e9 \u201ctrois attitudes\u201d. Tout d\u2019abord, \u201cAyons le courage de briser les sch\u00e9mas mentaux pour nous ouvrir, dans le dialogue, \u00e0 de nouvelles voies. Cultivons la confrontation et l\u2019\u00e9coute \u00e0 c\u0153ur ouvert, sans exclure personne sur le plan politique, social et religieux\u201d. Ensuite, \u201cL\u2019attention aux faibles. Une civilisation se mesure \u00e0 la mani\u00e8re dont sont trait\u00e9s les plus vuln\u00e9rables. Une politique v\u00e9ritablement au service de l\u2019homme ne peut se laisser dicter par la finance et les m\u00e9canismes du march\u00e9\u201d. Enfin, \u201cLa l\u00e9galit\u00e9. Ce que nous avons dit jusqu\u2019\u00e0 pr\u00e9sent implique un engagement \u00e0 lutter contre le fl\u00e9au de la corruption, de l\u2019abus de pouvoir et de l\u2019ill\u00e9galit\u00e9\u201d. Et dans la salutation finale : \u201cJe vous souhaite sagesse et courage\u201d.<\/p>\n<figure id=\"attachment_260771\" class=\"wp-caption alignleft\" aria-describedby=\"caption-attachment-260771\"><img decoding=\"async\" loading=\"lazy\" class=\"wp-image-260771\" src=\"https:\/\/www.focolare.org\/wp-content\/uploads\/2024\/01\/IMG_0363-scaled-e1705675733550-889x340.jpg\" sizes=\"(max-width: 512px) 100vw, 512px\" srcset=\"https:\/\/www.focolare.org\/wp-content\/uploads\/2024\/01\/IMG_0363-scaled-e1705675733550-889x340.jpg 889w, https:\/\/www.focolare.org\/wp-content\/uploads\/2024\/01\/IMG_0363-scaled-e1705675733550-768x294.jpg 768w, https:\/\/www.focolare.org\/wp-content\/uploads\/2024\/01\/IMG_0363-scaled-e1705675733550-1536x587.jpg 1536w, https:\/\/www.focolare.org\/wp-content\/uploads\/2024\/01\/IMG_0363-scaled-e1705675733550-2048x783.jpg 2048w, https:\/\/www.focolare.org\/wp-content\/uploads\/2024\/01\/IMG_0363-scaled-e1705675733550-600x229.jpg 600w\" alt=\"\" width=\"512\" height=\"196\"><figcaption id=\"caption-attachment-260771\" class=\"wp-caption-text\">Foto Paolo L\u00f2riga (2)<\/figcaption><\/figure>\n<p>Un autre indice particulier \u00e9tait la pr\u00e9sence du Card. Jos\u00e9 Tolentino de Mendon\u00e7a, pr\u00e9fet du dicast\u00e8re pour la culture et l\u2019\u00e9ducation, \u00e0 l\u2019ouverture de la conf\u00e9rence sur l\u2019Ecologie int\u00e9grale, qui s\u2019est tenue \u00e0 l\u2019Institut universitaire Sophia du 11 au 13 janvier. L\u2019\u00e9v\u00e9nement a \u00e9t\u00e9 une nouvelle \u00e9tape du projet&nbsp;<a href=\"https:\/\/www.new-humanity.org\/project\/dialogue\/\" target=\"_blank\" rel=\"noopener\">DialogUE<\/a>, financ\u00e9 par l\u2019Union europ\u00e9enne, et avait pour th\u00e8me \u00ab&nbsp;Pour une transformation sociale et \u00e9cologique&nbsp;\u00bb. Le discours du cardinal Tolentino a \u00e9t\u00e9 ax\u00e9 sur \u00ab&nbsp;L\u2019\u00e9cologie int\u00e9grale chez le pape Fran\u00e7ois&nbsp;\u00bb.<\/p>\n<p>Les trois jours de conf\u00e9rence \u00e0 l\u2019Institut Sophia, avec plus de 40 interventions d\u2019universitaires et de chercheurs de diff\u00e9rentes disciplines, ont rassembl\u00e9 des aspects \u00e9conomiques et politiques, philosophiques et th\u00e9ologiques, scientifiques et humanistes de diff\u00e9rentes visions culturelles dans un exercice de dialogue exemplaire. La relecture du document \u201cLaudato si\u2019 \u201c du Pape Fran\u00e7ois a permis de mettre en \u00e9vidence, comme cela est apparu dans la r\u00e9flexion, \u201cles trop faibles contre-mesures \u00e0 la crise climatique entreprises jusqu\u2019\u00e0 pr\u00e9sent et l\u2019\u00e9chec \u00e9vident d\u2019importants efforts \u00e9conomico-politiques pour \u00e9viter l\u2019effondrement climatique global\u201d. \u201cIl est urgent d\u2019agir rapidement\u201d, a-t-on r\u00e9p\u00e9t\u00e9, mais il est indispensable de \u201crepartir de la conscience d\u2019un handicap pour la vision de l\u2019homme avant m\u00eame le handicap \u00e9cologique\u201d.<\/p>\n<p><img decoding=\"async\" loading=\"lazy\" class=\"alignright wp-image-260762\" src=\"https:\/\/www.focolare.org\/wp-content\/uploads\/2024\/01\/IMG_0457-scaled-e1705674898736-584x340.jpg\" sizes=\"(max-width: 423px) 100vw, 423px\" srcset=\"https:\/\/www.focolare.org\/wp-content\/uploads\/2024\/01\/IMG_0457-scaled-e1705674898736-584x340.jpg 584w, https:\/\/www.focolare.org\/wp-content\/uploads\/2024\/01\/IMG_0457-scaled-e1705674898736-768x447.jpg 768w, https:\/\/www.focolare.org\/wp-content\/uploads\/2024\/01\/IMG_0457-scaled-e1705674898736-1536x895.jpg 1536w, https:\/\/www.focolare.org\/wp-content\/uploads\/2024\/01\/IMG_0457-scaled-e1705674898736-2048x1193.jpg 2048w, https:\/\/www.focolare.org\/wp-content\/uploads\/2024\/01\/IMG_0457-scaled-e1705674898736-600x350.jpg 600w\" alt=\"\" width=\"423\" height=\"246\">Un autre indice de l\u2019importance accord\u00e9e \u00e0 l\u2019exp\u00e9rience Dialop est la pr\u00e9sence pendant les trois jours du secr\u00e9taire g\u00e9n\u00e9ral de la Commission des Conf\u00e9rences \u00e9piscopales de l\u2019Union europ\u00e9enne, le pr\u00eatre espagnol Manuel Barrios Prieto, qui est intervenu dans la phase finale des travaux. L\u2019engagement de Dialop \u00e0 formuler une \u00e9thique sociale transversale, fruit du dialogue entre la pens\u00e9e sociale de l\u2019\u00c9glise catholique et la Critique sociale marxiste, a donc fait l\u2019objet d\u2019une grande attention. Une \u00e9thique \u00e9clair\u00e9e par la vision de l\u2019Ecologie int\u00e9grale propos\u00e9e par le Pape Bergoglio.<\/p>\n<p>Il y a dix ans, les deux initiateurs de Dialop, Walter Baier, politicien marxiste et actuel pr\u00e9sident de la Gauche europ\u00e9enne, et Franz Kronreif, architecte et membre du mouvement des Focolari, tous deux autrichiens, n\u2019auraient pas pu imaginer les r\u00e9sultats de cette \u00e9tape de 2024. \u201cLa rencontre avec le pape Fran\u00e7ois ouvre un nouveau chapitre entre la Gauche europ\u00e9enne et l\u2019\u00c9glise catholique. Et ce qui a m\u00fbri \u00e0 Sophia marque une \u00e9volution dans le dialogue, car cela a montr\u00e9 la richesse des connaissances que nous sommes capables de mobiliser\u201d. Pour Kronreif, une perspective particuli\u00e8re s\u2019est \u00e9galement ouverte : \u201cSur la base du chemin que nous avons pu parcourir et de l\u2019exp\u00e9rience que nous avons acquise, nous pouvons nous \u00e9largir \u00e0 d\u2019autres dialogues ou int\u00e9grer d\u2019autres sujets dans notre dialogue pour sauvegarder la personne, la nature, la justice et la paix\u201d.<\/p>\n<p><em>Paolo L\u00f2riga<\/em><\/p>\n<p>Cet article a \u00e9t\u00e9 publi\u00e9 pour la premi\u00e8re fois sur <a href=\"https:\/\/www.focolare.org\/fr\/2024\/01\/22\/portugues-dialop-coraggio-e-impegno-a-sognare-un-mondo-migliore\/\">focolare.org<\/a>.&nbsp;<\/p>\n","protected":false},"excerpt":{"rendered":"<p>Une audience avec Fran\u00e7ois le mercredi 10 janvier et ensuite trois jours de r\u00e9flexion \u00e0 la Conf\u00e9rence sur l\u2019Ecologie int\u00e9grale \u00e0 l\u2019Institut universitaire Sophia de Loppiano. Deux \u00e9tapes fondamentales sur le chemin du dialogue entre catholiques et marxistes sur les grandes questions, \u00e0 commencer par la paix. Foto Giulio Meazzini M\u00eame s\u2019il ne s\u2019agissait que [&hellip;]<\/p>\n","protected":false},"author":15,"featured_media":8516,"comment_status":"closed","ping_status":"open","sticky":false,"template":"","format":"standard","meta":{"ngg_post_thumbnail":0,"footnotes":""},"categories":[331,332,329],"tags":[],"ambiti":[],"luogo":[],"progetto":[435],"acf":[],"yoast_head":"<!-- This site is optimized with the Yoast SEO plugin v21.9.1 - https:\/\/yoast.com\/wordpress\/plugins\/seo\/ -->\n<title>Dialop : \u201cCourage et engagement pour r\u00eaver un monde meilleur\u201d. | New Humanity<\/title>\n<meta name=\"description\" content=\"Une audience avec Fran\u00e7ois le mercredi 10 janvier et ensuite trois jours de r\u00e9flexion \u00e0 la Conf\u00e9rence sur l\u2019Ecologie int\u00e9grale \u00e0 l\u2019Institut universitaire\" \/>\n<meta name=\"robots\" content=\"index, follow, max-snippet:-1, max-image-preview:large, max-video-preview:-1\" \/>\n<link rel=\"canonical\" href=\"https:\/\/www.new-humanity.org\/fr\/politique-et-bien-commun\/dialop-courage-et-engagement-pour-rever-un-monde-meilleur\/\" \/>\n<meta property=\"og:locale\" content=\"fr_FR\" \/>\n<meta property=\"og:type\" content=\"article\" \/>\n<meta property=\"og:title\" content=\"Dialop : \u201cCourage et engagement pour r\u00eaver un monde meilleur\u201d. | New Humanity\" \/>\n<meta property=\"og:description\" content=\"Une audience avec Fran\u00e7ois le mercredi 10 janvier et ensuite trois jours de r\u00e9flexion \u00e0 la Conf\u00e9rence sur l\u2019Ecologie int\u00e9grale \u00e0 l\u2019Institut universitaire\" \/>\n<meta property=\"og:url\" content=\"https:\/\/www.new-humanity.org\/fr\/politique-et-bien-commun\/dialop-courage-et-engagement-pour-rever-un-monde-meilleur\/\" \/>\n<meta property=\"og:site_name\" content=\"New Humanity\" \/>\n<meta property=\"article:published_time\" content=\"2024-02-07T10:31:34+00:00\" \/>\n<meta property=\"article:modified_time\" content=\"2024-02-07T10:35:55+00:00\" \/>\n<meta property=\"og:image\" content=\"https:\/\/www.new-humanity.org\/wp-content\/uploads\/2024\/02\/Header-articolo-Dialop-1.png\" \/>\n\t<meta property=\"og:image:width\" content=\"1230\" \/>\n\t<meta property=\"og:image:height\" content=\"350\" \/>\n\t<meta property=\"og:image:type\" content=\"image\/png\" \/>\n<meta name=\"author\" content=\"Ana Clara\" \/>\n<meta name=\"twitter:card\" content=\"summary_large_image\" \/>\n<meta name=\"twitter:label1\" content=\"\u00c9crit par\" \/>\n\t<meta name=\"twitter:data1\" content=\"Ana Clara\" \/>\n\t<meta name=\"twitter:label2\" content=\"Dur\u00e9e de lecture estim\u00e9e\" \/>\n\t<meta name=\"twitter:data2\" content=\"5 minutes\" \/>\n<script type=\"application\/ld+json\" class=\"yoast-schema-graph\">{\"@context\":\"https:\/\/schema.org\",\"@graph\":[{\"@type\":\"Article\",\"@id\":\"https:\/\/www.new-humanity.org\/fr\/politique-et-bien-commun\/dialop-courage-et-engagement-pour-rever-un-monde-meilleur\/#article\",\"isPartOf\":{\"@id\":\"https:\/\/www.new-humanity.org\/fr\/politique-et-bien-commun\/dialop-courage-et-engagement-pour-rever-un-monde-meilleur\/\"},\"author\":{\"name\":\"Ana Clara\",\"@id\":\"https:\/\/www.new-humanity.org\/fr\/#\/schema\/person\/d2b094c50c91a942f9903b5a6c9359ad\"},\"headline\":\"Dialop : \u201cCourage et engagement pour r\u00eaver un monde meilleur\u201d.\",\"datePublished\":\"2024-02-07T10:31:34+00:00\",\"dateModified\":\"2024-02-07T10:35:55+00:00\",\"mainEntityOfPage\":{\"@id\":\"https:\/\/www.new-humanity.org\/fr\/politique-et-bien-commun\/dialop-courage-et-engagement-pour-rever-un-monde-meilleur\/\"},\"wordCount\":863,\"publisher\":{\"@id\":\"https:\/\/www.new-humanity.org\/fr\/#organization\"},\"articleSection\":[\"Dialogue\",\"\u00e9cologie\",\"Politique et bien commun\"],\"inLanguage\":\"fr-FR\"},{\"@type\":\"WebPage\",\"@id\":\"https:\/\/www.new-humanity.org\/fr\/politique-et-bien-commun\/dialop-courage-et-engagement-pour-rever-un-monde-meilleur\/\",\"url\":\"https:\/\/www.new-humanity.org\/fr\/politique-et-bien-commun\/dialop-courage-et-engagement-pour-rever-un-monde-meilleur\/\",\"name\":\"Dialop : \u201cCourage et engagement pour r\u00eaver un monde meilleur\u201d. | New Humanity\",\"isPartOf\":{\"@id\":\"https:\/\/www.new-humanity.org\/fr\/#website\"},\"datePublished\":\"2024-02-07T10:31:34+00:00\",\"dateModified\":\"2024-02-07T10:35:55+00:00\",\"description\":\"Une audience avec Fran\u00e7ois le mercredi 10 janvier et ensuite trois jours de r\u00e9flexion \u00e0 la Conf\u00e9rence sur l\u2019Ecologie int\u00e9grale \u00e0 l\u2019Institut universitaire\",\"breadcrumb\":{\"@id\":\"https:\/\/www.new-humanity.org\/fr\/politique-et-bien-commun\/dialop-courage-et-engagement-pour-rever-un-monde-meilleur\/#breadcrumb\"},\"inLanguage\":\"fr-FR\",\"potentialAction\":[{\"@type\":\"ReadAction\",\"target\":[\"https:\/\/www.new-humanity.org\/fr\/politique-et-bien-commun\/dialop-courage-et-engagement-pour-rever-un-monde-meilleur\/\"]}]},{\"@type\":\"BreadcrumbList\",\"@id\":\"https:\/\/www.new-humanity.org\/fr\/politique-et-bien-commun\/dialop-courage-et-engagement-pour-rever-un-monde-meilleur\/#breadcrumb\",\"itemListElement\":[{\"@type\":\"ListItem\",\"position\":1,\"name\":\"Home\",\"item\":\"https:\/\/www.new-humanity.org\/fr\/\"},{\"@type\":\"ListItem\",\"position\":2,\"name\":\"Dialop : \u201cCourage et engagement pour r\u00eaver un monde meilleur\u201d.\"}]},{\"@type\":\"WebSite\",\"@id\":\"https:\/\/www.new-humanity.org\/fr\/#website\",\"url\":\"https:\/\/www.new-humanity.org\/fr\/\",\"name\":\"New Humanity\",\"description\":\"Per un mondo unito\",\"publisher\":{\"@id\":\"https:\/\/www.new-humanity.org\/fr\/#organization\"},\"potentialAction\":[{\"@type\":\"SearchAction\",\"target\":{\"@type\":\"EntryPoint\",\"urlTemplate\":\"https:\/\/www.new-humanity.org\/fr\/?s={search_term_string}\"},\"query-input\":\"required name=search_term_string\"}],\"inLanguage\":\"fr-FR\"},{\"@type\":\"Organization\",\"@id\":\"https:\/\/www.new-humanity.org\/fr\/#organization\",\"name\":\"New Humanity\",\"url\":\"https:\/\/www.new-humanity.org\/fr\/\",\"logo\":{\"@type\":\"ImageObject\",\"inLanguage\":\"fr-FR\",\"@id\":\"https:\/\/www.new-humanity.org\/fr\/#\/schema\/logo\/image\/\",\"url\":\"https:\/\/www.new-humanity.org\/wp-content\/uploads\/2022\/01\/logo.jpg\",\"contentUrl\":\"https:\/\/www.new-humanity.org\/wp-content\/uploads\/2022\/01\/logo.jpg\",\"width\":520,\"height\":128,\"caption\":\"New Humanity\"},\"image\":{\"@id\":\"https:\/\/www.new-humanity.org\/fr\/#\/schema\/logo\/image\/\"}},{\"@type\":\"Person\",\"@id\":\"https:\/\/www.new-humanity.org\/fr\/#\/schema\/person\/d2b094c50c91a942f9903b5a6c9359ad\",\"name\":\"Ana Clara\",\"image\":{\"@type\":\"ImageObject\",\"inLanguage\":\"fr-FR\",\"@id\":\"https:\/\/www.new-humanity.org\/fr\/#\/schema\/person\/image\/\",\"url\":\"https:\/\/secure.gravatar.com\/avatar\/9bc08035bfa6f029408034ac95ddd9b4?s=96&d=mm&r=g\",\"contentUrl\":\"https:\/\/secure.gravatar.com\/avatar\/9bc08035bfa6f029408034ac95ddd9b4?s=96&d=mm&r=g\",\"caption\":\"Ana Clara\"}}]}<\/script>\n<!-- \/ Yoast SEO plugin. -->","yoast_head_json":{"title":"Dialop : \u201cCourage et engagement pour r\u00eaver un monde meilleur\u201d. | New Humanity","description":"Une audience avec Fran\u00e7ois le mercredi 10 janvier et ensuite trois jours de r\u00e9flexion \u00e0 la Conf\u00e9rence sur l\u2019Ecologie int\u00e9grale \u00e0 l\u2019Institut universitaire","robots":{"index":"index","follow":"follow","max-snippet":"max-snippet:-1","max-image-preview":"max-image-preview:large","max-video-preview":"max-video-preview:-1"},"canonical":"https:\/\/www.new-humanity.org\/fr\/politique-et-bien-commun\/dialop-courage-et-engagement-pour-rever-un-monde-meilleur\/","og_locale":"fr_FR","og_type":"article","og_title":"Dialop : \u201cCourage et engagement pour r\u00eaver un monde meilleur\u201d. | New Humanity","og_description":"Une audience avec Fran\u00e7ois le mercredi 10 janvier et ensuite trois jours de r\u00e9flexion \u00e0 la Conf\u00e9rence sur l\u2019Ecologie int\u00e9grale \u00e0 l\u2019Institut universitaire","og_url":"https:\/\/www.new-humanity.org\/fr\/politique-et-bien-commun\/dialop-courage-et-engagement-pour-rever-un-monde-meilleur\/","og_site_name":"New Humanity","article_published_time":"2024-02-07T10:31:34+00:00","article_modified_time":"2024-02-07T10:35:55+00:00","og_image":[{"width":1230,"height":350,"url":"https:\/\/www.new-humanity.org\/wp-content\/uploads\/2024\/02\/Header-articolo-Dialop-1.png","type":"image\/png"}],"author":"Ana Clara","twitter_card":"summary_large_image","twitter_misc":{"\u00c9crit par":"Ana Clara","Dur\u00e9e de lecture estim\u00e9e":"5 minutes"},"schema":{"@context":"https:\/\/schema.org","@graph":[{"@type":"Article","@id":"https:\/\/www.new-humanity.org\/fr\/politique-et-bien-commun\/dialop-courage-et-engagement-pour-rever-un-monde-meilleur\/#article","isPartOf":{"@id":"https:\/\/www.new-humanity.org\/fr\/politique-et-bien-commun\/dialop-courage-et-engagement-pour-rever-un-monde-meilleur\/"},"author":{"name":"Ana Clara","@id":"https:\/\/www.new-humanity.org\/fr\/#\/schema\/person\/d2b094c50c91a942f9903b5a6c9359ad"},"headline":"Dialop : \u201cCourage et engagement pour r\u00eaver un monde meilleur\u201d.","datePublished":"2024-02-07T10:31:34+00:00","dateModified":"2024-02-07T10:35:55+00:00","mainEntityOfPage":{"@id":"https:\/\/www.new-humanity.org\/fr\/politique-et-bien-commun\/dialop-courage-et-engagement-pour-rever-un-monde-meilleur\/"},"wordCount":863,"publisher":{"@id":"https:\/\/www.new-humanity.org\/fr\/#organization"},"articleSection":["Dialogue","\u00e9cologie","Politique et bien commun"],"inLanguage":"fr-FR"},{"@type":"WebPage","@id":"https:\/\/www.new-humanity.org\/fr\/politique-et-bien-commun\/dialop-courage-et-engagement-pour-rever-un-monde-meilleur\/","url":"https:\/\/www.new-humanity.org\/fr\/politique-et-bien-commun\/dialop-courage-et-engagement-pour-rever-un-monde-meilleur\/","name":"Dialop : \u201cCourage et engagement pour r\u00eaver un monde meilleur\u201d. | New Humanity","isPartOf":{"@id":"https:\/\/www.new-humanity.org\/fr\/#website"},"datePublished":"2024-02-07T10:31:34+00:00","dateModified":"2024-02-07T10:35:55+00:00","description":"Une audience avec Fran\u00e7ois le mercredi 10 janvier et ensuite trois jours de r\u00e9flexion \u00e0 la Conf\u00e9rence sur l\u2019Ecologie int\u00e9grale \u00e0 l\u2019Institut universitaire","breadcrumb":{"@id":"https:\/\/www.new-humanity.org\/fr\/politique-et-bien-commun\/dialop-courage-et-engagement-pour-rever-un-monde-meilleur\/#breadcrumb"},"inLanguage":"fr-FR","potentialAction":[{"@type":"ReadAction","target":["https:\/\/www.new-humanity.org\/fr\/politique-et-bien-commun\/dialop-courage-et-engagement-pour-rever-un-monde-meilleur\/"]}]},{"@type":"BreadcrumbList","@id":"https:\/\/www.new-humanity.org\/fr\/politique-et-bien-commun\/dialop-courage-et-engagement-pour-rever-un-monde-meilleur\/#breadcrumb","itemListElement":[{"@type":"ListItem","position":1,"name":"Home","item":"https:\/\/www.new-humanity.org\/fr\/"},{"@type":"ListItem","position":2,"name":"Dialop : \u201cCourage et engagement pour r\u00eaver un monde meilleur\u201d."}]},{"@type":"WebSite","@id":"https:\/\/www.new-humanity.org\/fr\/#website","url":"https:\/\/www.new-humanity.org\/fr\/","name":"New Humanity","description":"Per un mondo unito","publisher":{"@id":"https:\/\/www.new-humanity.org\/fr\/#organization"},"potentialAction":[{"@type":"SearchAction","target":{"@type":"EntryPoint","urlTemplate":"https:\/\/www.new-humanity.org\/fr\/?s={search_term_string}"},"query-input":"required name=search_term_string"}],"inLanguage":"fr-FR"},{"@type":"Organization","@id":"https:\/\/www.new-humanity.org\/fr\/#organization","name":"New Humanity","url":"https:\/\/www.new-humanity.org\/fr\/","logo":{"@type":"ImageObject","inLanguage":"fr-FR","@id":"https:\/\/www.new-humanity.org\/fr\/#\/schema\/logo\/image\/","url":"https:\/\/www.new-humanity.org\/wp-content\/uploads\/2022\/01\/logo.jpg","contentUrl":"https:\/\/www.new-humanity.org\/wp-content\/uploads\/2022\/01\/logo.jpg","width":520,"height":128,"caption":"New Humanity"},"image":{"@id":"https:\/\/www.new-humanity.org\/fr\/#\/schema\/logo\/image\/"}},{"@type":"Person","@id":"https:\/\/www.new-humanity.org\/fr\/#\/schema\/person\/d2b094c50c91a942f9903b5a6c9359ad","name":"Ana Clara","image":{"@type":"ImageObject","inLanguage":"fr-FR","@id":"https:\/\/www.new-humanity.org\/fr\/#\/schema\/person\/image\/","url":"https:\/\/secure.gravatar.com\/avatar\/9bc08035bfa6f029408034ac95ddd9b4?s=96&d=mm&r=g","contentUrl":"https:\/\/secure.gravatar.com\/avatar\/9bc08035bfa6f029408034ac95ddd9b4?s=96&d=mm&r=g","caption":"Ana Clara"}}]}},"_links":{"self":[{"href":"https:\/\/www.new-humanity.org\/fr\/wp-json\/wp\/v2\/posts\/8525"}],"collection":[{"href":"https:\/\/www.new-humanity.org\/fr\/wp-json\/wp\/v2\/posts"}],"about":[{"href":"https:\/\/www.new-humanity.org\/fr\/wp-json\/wp\/v2\/types\/post"}],"author":[{"embeddable":true,"href":"https:\/\/www.new-humanity.org\/fr\/wp-json\/wp\/v2\/users\/15"}],"replies":[{"embeddable":true,"href":"https:\/\/www.new-humanity.org\/fr\/wp-json\/wp\/v2\/comments?post=8525"}],"version-history":[{"count":1,"href":"https:\/\/www.new-humanity.org\/fr\/wp-json\/wp\/v2\/posts\/8525\/revisions"}],"predecessor-version":[{"id":8526,"href":"https:\/\/www.new-humanity.org\/fr\/wp-json\/wp\/v2\/posts\/8525\/revisions\/8526"}],"wp:featuredmedia":[{"embeddable":true,"href":"https:\/\/www.new-humanity.org\/fr\/wp-json\/wp\/v2\/media\/8516"}],"wp:attachment":[{"href":"https:\/\/www.new-humanity.org\/fr\/wp-json\/wp\/v2\/media?parent=8525"}],"wp:term":[{"taxonomy":"category","embeddable":true,"href":"https:\/\/www.new-humanity.org\/fr\/wp-json\/wp\/v2\/categories?post=8525"},{"taxonomy":"post_tag","embeddable":true,"href":"https:\/\/www.new-humanity.org\/fr\/wp-json\/wp\/v2\/tags?post=8525"},{"taxonomy":"ambiti","embeddable":true,"href":"https:\/\/www.new-humanity.org\/fr\/wp-json\/wp\/v2\/ambiti?post=8525"},{"taxonomy":"luogo","embeddable":true,"href":"https:\/\/www.new-humanity.org\/fr\/wp-json\/wp\/v2\/luogo?post=8525"},{"taxonomy":"progetto","embeddable":true,"href":"https:\/\/www.new-humanity.org\/fr\/wp-json\/wp\/v2\/progetto?post=8525"}],"curies":[{"name":"wp","href":"https:\/\/api.w.org\/{rel}","templated":true}]}}